{"id":846,"date":"2017-09-19T15:33:11","date_gmt":"2017-09-19T13:33:11","guid":{"rendered":"http:\/\/www.windenergie-politik-gesellschaft.de\/?p=846"},"modified":"2017-09-19T15:33:11","modified_gmt":"2017-09-19T13:33:11","slug":"ein-stresstrigger-warum-windenergie-nicht-laut-ist","status":"publish","type":"post","link":"https:\/\/www.windenergie-politik-gesellschaft.de\/?p=846","title":{"rendered":"Ein Stresstrigger &#8211; warum Windenergie nicht laut ist&#8230;"},"content":{"rendered":"<blockquote><p>Ein Stresstrigger &#8211; Windr\u00e4der bel\u00e4stigen nicht durch ihre Lautst\u00e4rke: Es ist nicht die Lautst\u00e4rke, sondern die Art des Ger\u00e4usches, die Windrad-Gegner auf die Palme bringt, meint die Umweltpsychologin Prof. Gundula H\u00fcbner aus Halle.<\/p><\/blockquote>\n<p>Quelle: <em><a href=\"http:\/\/www.3sat.de\/mediathek\/?mode=play&#038;obj=64989\">Ein Stresstrigger &#8211; 3sat.Mediathek<\/a><\/em><\/p>\n","protected":false},"excerpt":{"rendered":"<p>Ein Stresstrigger &#8211; Windr\u00e4der bel\u00e4stigen nicht durch ihre Lautst\u00e4rke: Es ist nicht die Lautst\u00e4rke, sondern die Art des Ger\u00e4usches, die Windrad-Gegner auf die Palme bringt, meint die Umweltpsychologin Prof. Gundula H\u00fcbner aus Halle. Quelle: Ein Stresstrigger &#8211; 3sat.Mediathek<\/p>\n","protected":false},"author":2,"featured_media":0,"comment_status":"open","ping_status":"open","sticky":false,"template":"","format":"standard","meta":{"jetpack_post_was_ever_published":false,"_jetpack_newsletter_access":"","_jetpack_dont_email_post_to_subs":false,"_jetpack_newsletter_tier_id":0,"_jetpack_memberships_contains_paywalled_content":false,"_jetpack_memberships_contains_paid_content":false,"footnotes":"","jetpack_publicize_message":"","jetpack_publicize_feature_enabled":true,"jetpack_social_post_already_shared":true,"jetpack_social_options":{"image_generator_settings":{"template":"highway","default_image_id":0,"font":"","enabled":false},"version":2}},"categories":[130],"tags":[25,145],"class_list":["post-846","post","type-post","status-publish","format-standard","hentry","category-tv-beitraege","tag-infraschall","tag-mediation"],"jetpack_publicize_connections":[],"jetpack_featured_media_url":"","jetpack_sharing_enabled":true,"jetpack_shortlink":"https:\/\/wp.me\/p6ODB3-dE","jetpack-related-posts":[{"id":621,"url":"https:\/\/www.windenergie-politik-gesellschaft.de\/?p=621","url_meta":{"origin":846,"position":0},"title":"Propaganda f\u00fcr die Braunkohle &#8211; Zwei Systeme f\u00fcr eine Aufgabe: Versorgungssicherheit im Stromsektor","author":"Joern Woehlk","date":"4. September 2016","format":false,"excerpt":"Sonntag ist mal wieder Zeit, um der Propaganda der Kohlelobby zu lauschen. Und schnell wurde ich f\u00fcndig, diesmal mit einem Artikel der m\u00e4chtig ideologisch \"Pro-Braunkohle\" eingef\u00e4rbt ist, was nicht verwunderlich ist, da er von einem f\u00fchrenden Vertreter der Braunkohleindustrie geschrieben wurde. Geschickt suggeriert Herr Milojcic zun\u00e4chst, einen gut reflektierten und\u2026","rel":"","context":"In &quot;Strom - Netze&quot;","block_context":{"text":"Strom - Netze","link":"https:\/\/www.windenergie-politik-gesellschaft.de\/?cat=11"},"img":{"alt_text":"","src":"","width":0,"height":0},"classes":[]},{"id":799,"url":"https:\/\/www.windenergie-politik-gesellschaft.de\/?p=799","url_meta":{"origin":846,"position":1},"title":"Eine Lanze brechen f\u00fcr die Akzeptanz der Windenergie in der Bev\u00f6lkerung","author":"Joern Woehlk","date":"27. Juni 2017","format":false,"excerpt":"Je n\u00e4her wir in Deutschland dem \"S\u00e4ttigungsgrad\" kommen - 2% der Landesfl\u00e4che soll f\u00fcr Windenergie nutzbar gemacht werden - desto mehr Gegner finden sich und umso mehr h\u00f6rt man auch den Standardspruch, der landauf landab immer wieder zu h\u00f6ren ist: \"Wir sind nicht gegen Windenergie, aber nicht vor unserer Haust\u00fcr!\"\u2026","rel":"","context":"In &quot;Windenergie allgemein&quot;","block_context":{"text":"Windenergie allgemein","link":"https:\/\/www.windenergie-politik-gesellschaft.de\/?cat=1"},"img":{"alt_text":"","src":"","width":0,"height":0},"classes":[]},{"id":1117,"url":"https:\/\/www.windenergie-politik-gesellschaft.de\/?p=1117","url_meta":{"origin":846,"position":2},"title":"44 Klagen wegen Fehlplanungen bei Windenergie in zehn Jahren","author":"Joern Woehlk","date":"18. August 2019","format":false,"excerpt":"Nicht die Naturschutzverb\u00e4nde sind der Grund f\u00fcr schleppende Genehmigungen. Die Verb\u00e4nde bilden ein wichtiges Gegengewicht, das ist gut so f\u00fcr unsere Gesellschaft. Die nicht funktionierende Raumordnung mit der Reginalplanung ist das eigentliche Problem. Regionalpl\u00e4ne werden so gut wie immer gerichtlich gekippt, kein RP hat Bestand, selbst die in aufstellung befindlichen\u2026","rel":"","context":"In &quot;Mediation&quot;","block_context":{"text":"Mediation","link":"https:\/\/www.windenergie-politik-gesellschaft.de\/?cat=19"},"img":{"alt_text":"","src":"","width":0,"height":0},"classes":[]},{"id":1215,"url":"https:\/\/www.windenergie-politik-gesellschaft.de\/?p=1215","url_meta":{"origin":846,"position":3},"title":"Energiewende: Gr\u00fcne und Nabu schlie\u00dfen Vogelfrieden &#8211; SZ.de","author":"Joern Woehlk","date":"14. Dezember 2020","format":false,"excerpt":"Die S\u00fcddeutsche Zeitung berichtet \u00fcber ein Friedensabkommen zwischen Nbau und der \"Politik\". Ein interessanter Vorgang, da noch nicht klar ist, wie diese Absprache in die \u00f6ffentlichen Planungsprozesse der Raumplanung aufgenommen werden k\u00f6nnen. Miteinander reden ist aber auf jeden Fall schon mal ein guter Weg. Quelle: Energiewende: Gr\u00fcne und Nabu schlie\u00dfen\u2026","rel":"","context":"In &quot;Natur- und Artenschutz&quot;","block_context":{"text":"Natur- und Artenschutz","link":"https:\/\/www.windenergie-politik-gesellschaft.de\/?cat=65"},"img":{"alt_text":"","src":"","width":0,"height":0},"classes":[]},{"id":575,"url":"https:\/\/www.windenergie-politik-gesellschaft.de\/?p=575","url_meta":{"origin":846,"position":4},"title":"Umstellung der Flotte: Post setzt auf Elektro-Transporter","author":"Joern Woehlk","date":"23. Juni 2016","format":false,"excerpt":"Sollte uns das erstaunen? Die gro\u00dfen Autohersteller konnten das nicht? Oder wollten das nicht? Die Post wird gr\u00fcner: In St\u00e4dten sollen k\u00fcnftig mehr Elektrofahrzeuge zum Einsatz kommen. Ein Pilotprojekt ist bereits erfolgreich - nicht nur aus umweltpolitischer Sicht.Quelle: Umstellung der Flotte: Post setzt auf Elektro-Transporter","rel":"","context":"In &quot;Windenergie allgemein&quot;","block_context":{"text":"Windenergie allgemein","link":"https:\/\/www.windenergie-politik-gesellschaft.de\/?cat=1"},"img":{"alt_text":"","src":"","width":0,"height":0},"classes":[]},{"id":1074,"url":"https:\/\/www.windenergie-politik-gesellschaft.de\/?p=1074","url_meta":{"origin":846,"position":5},"title":"Die Klima-Religion | Rubikon","author":"Joern Woehlk","date":"14. April 2019","format":false,"excerpt":"Wer Zeit zum lesen hat, der findet hier einen Artikel mit viel Hintergrund und einer m\u00f6glichen Sichtweise zum Klimawandel, aber sicher nicht die einzige. ...der Klimaschutz als ein \u2014 \u00fcber alle religi\u00f6sen und sozialen Unterschiede hinweg \u2014 zu erreichendes Ziel... Eine neue Religion, der alle zustimmen k\u00f6nnen, weil es um\u2026","rel":"","context":"In &quot;Gegenwind&quot;","block_context":{"text":"Gegenwind","link":"https:\/\/www.windenergie-politik-gesellschaft.de\/?cat=161"},"img":{"alt_text":"","src":"","width":0,"height":0},"classes":[]}],"_links":{"self":[{"href":"https:\/\/www.windenergie-politik-gesellschaft.de\/index.php?rest_route=\/wp\/v2\/posts\/846","targetHints":{"allow":["GET"]}}],"collection":[{"href":"https:\/\/www.windenergie-politik-gesellschaft.de\/index.php?rest_route=\/wp\/v2\/posts"}],"about":[{"href":"https:\/\/www.windenergie-politik-gesellschaft.de\/index.php?rest_route=\/wp\/v2\/types\/post"}],"author":[{"embeddable":true,"href":"https:\/\/www.windenergie-politik-gesellschaft.de\/index.php?rest_route=\/wp\/v2\/users\/2"}],"replies":[{"embeddable":true,"href":"https:\/\/www.windenergie-politik-gesellschaft.de\/index.php?rest_route=%2Fwp%2Fv2%2Fcomments&post=846"}],"version-history":[{"count":1,"href":"https:\/\/www.windenergie-politik-gesellschaft.de\/index.php?rest_route=\/wp\/v2\/posts\/846\/revisions"}],"predecessor-version":[{"id":847,"href":"https:\/\/www.windenergie-politik-gesellschaft.de\/index.php?rest_route=\/wp\/v2\/posts\/846\/revisions\/847"}],"wp:attachment":[{"href":"https:\/\/www.windenergie-politik-gesellschaft.de\/index.php?rest_route=%2Fwp%2Fv2%2Fmedia&parent=846"}],"wp:term":[{"taxonomy":"category","embeddable":true,"href":"https:\/\/www.windenergie-politik-gesellschaft.de\/index.php?rest_route=%2Fwp%2Fv2%2Fcategories&post=846"},{"taxonomy":"post_tag","embeddable":true,"href":"https:\/\/www.windenergie-politik-gesellschaft.de\/index.php?rest_route=%2Fwp%2Fv2%2Ftags&post=846"}],"curies":[{"name":"wp","href":"https:\/\/api.w.org\/{rel}","templated":true}]}}