{"id":850,"date":"2017-09-19T15:44:39","date_gmt":"2017-09-19T13:44:39","guid":{"rendered":"http:\/\/www.windenergie-politik-gesellschaft.de\/?p=850"},"modified":"2017-09-19T15:44:39","modified_gmt":"2017-09-19T13:44:39","slug":"toedliche-windraeder-streit-zwischen-artenschuetzern-und-befuerwortern-der-windenergie","status":"publish","type":"post","link":"https:\/\/www.windenergie-politik-gesellschaft.de\/?p=850","title":{"rendered":"T\u00f6dliche Windr\u00e4der &#8211; Streit zwischen Artensch\u00fctzern und Bef\u00fcrwortern der Windenergie"},"content":{"rendered":"<blockquote><p>Streit zwischen Artensch\u00fctzern und Bef\u00fcrwortern der Windenergie<\/p><\/blockquote>\n<p>Quelle: <em><a href=\"http:\/\/www.3sat.de\/mediathek\/?mode=play&#038;obj=62457\">T\u00f6dliche Windr\u00e4der &#8211; 3sat.Mediathek<\/a><\/em><\/p>\n","protected":false},"excerpt":{"rendered":"<p>Streit zwischen Artensch\u00fctzern und Bef\u00fcrwortern der Windenergie Quelle: T\u00f6dliche Windr\u00e4der &#8211; 3sat.Mediathek<\/p>\n","protected":false},"author":2,"featured_media":0,"comment_status":"open","ping_status":"open","sticky":false,"template":"","format":"standard","meta":{"jetpack_post_was_ever_published":false,"_jetpack_newsletter_access":"","_jetpack_dont_email_post_to_subs":false,"_jetpack_newsletter_tier_id":0,"_jetpack_memberships_contains_paywalled_content":false,"_jetpack_memberships_contains_paid_content":false,"footnotes":"","jetpack_publicize_message":"","jetpack_publicize_feature_enabled":true,"jetpack_social_post_already_shared":true,"jetpack_social_options":{"image_generator_settings":{"template":"highway","default_image_id":0,"font":"","enabled":false},"version":2}},"categories":[65,130],"tags":[90],"class_list":["post-850","post","type-post","status-publish","format-standard","hentry","category-natur-und-artenschutz","category-tv-beitraege","tag-seeadler"],"jetpack_publicize_connections":[],"jetpack_featured_media_url":"","jetpack_sharing_enabled":true,"jetpack_shortlink":"https:\/\/wp.me\/p6ODB3-dI","jetpack-related-posts":[{"id":669,"url":"https:\/\/www.windenergie-politik-gesellschaft.de\/?p=669","url_meta":{"origin":850,"position":0},"title":"Der Kampf um die Windr\u00e4der | Reportage &#038; Dokumentation Video | ARD Mediathek","author":"Joern Woehlk","date":"16. Oktober 2016","format":false,"excerpt":"Der Film untersucht die Frontlinien des \"Kampfs um die Windr\u00e4der\" und wirft ein Schlaglicht auf die Ausw\u00fcchse der Boombranche.Quelle: Der Kampf um die Windr\u00e4der | Reportage & Dokumentation Video | ARD Mediathek","rel":"","context":"In &quot;TV Beitr\u00e4ge&quot;","block_context":{"text":"TV Beitr\u00e4ge","link":"https:\/\/www.windenergie-politik-gesellschaft.de\/?cat=130"},"img":{"alt_text":"","src":"","width":0,"height":0},"classes":[]},{"id":468,"url":"https:\/\/www.windenergie-politik-gesellschaft.de\/?p=468","url_meta":{"origin":850,"position":1},"title":"Rotmilan contra Windr\u00e4der: Fell kritisiert \u201eNABU-Faktencheck\u201c","author":"Joern Woehlk","date":"10. Mai 2016","format":false,"excerpt":"Es geht weiter im Kompetenzstreit.... Natursch\u00fctzer m\u00fcssten die Windenergie endlich als Teil der L\u00f6sung begreifen, sagt der Energieexeperte Hans-Josef Fell und kritisiert damit den \u201eFaktencheck\u201c des Naturschutzbundes Deutschland zur k\u00fcrzlich ver\u00f6ffentlichten\u2026Quelle: Rotmilan contra Windr\u00e4der: Fell kritisiert \u201eNABU-Faktencheck\u201c - Energienews - Energie - top agrar online","rel":"","context":"In &quot;Natur- und Artenschutz&quot;","block_context":{"text":"Natur- und Artenschutz","link":"https:\/\/www.windenergie-politik-gesellschaft.de\/?cat=65"},"img":{"alt_text":"","src":"","width":0,"height":0},"classes":[]},{"id":1347,"url":"https:\/\/www.windenergie-politik-gesellschaft.de\/?p=1347","url_meta":{"origin":850,"position":2},"title":"Windenergie: Die 5 h\u00e4ufigsten Einw\u00e4nde \u2013 und was wirklich dahinter steckt.","author":"Joern Woehlk","date":"14. August 2023","format":false,"excerpt":"Windenergie ist umweltfreundlich und schont Ressourcen. Doch der Netzausbau f\u00fcr die Anlagen stagniert - und immer wieder protestieren Menschen gegen Windr\u00e4der in ihrer unmittelbaren Umgebung. Sie sorgen sich um ihre Gesundheit und um die Tierwelt. Doch sind die Einw\u00e4nde berechtigt?Quelle: Windenergie: Die 5 h\u00e4ufigsten Einw\u00e4nde \u2013 und was wirklich dahinter\u2026","rel":"","context":"In &quot;Mediation&quot;","block_context":{"text":"Mediation","link":"https:\/\/www.windenergie-politik-gesellschaft.de\/?cat=19"},"img":{"alt_text":"","src":"","width":0,"height":0},"classes":[]},{"id":1372,"url":"https:\/\/www.windenergie-politik-gesellschaft.de\/?p=1372","url_meta":{"origin":850,"position":3},"title":"Paradoxe Klimawende: Windr\u00e4der statt B\u00e4ume | SPIEGEL TV &#8211; YouTube","author":"Joern Woehlk","date":"2. Januar 2024","format":false,"excerpt":"Leider kein Wort dar\u00fcber, das Waldfl\u00e4chen, die gerodet werden f\u00fcr Windenergieanlagen, mit der doppelten Fl\u00e4che wieder aufgefordtet werden.","rel":"","context":"In &quot;Mediation&quot;","block_context":{"text":"Mediation","link":"https:\/\/www.windenergie-politik-gesellschaft.de\/?cat=19"},"img":{"alt_text":"","src":"","width":0,"height":0},"classes":[]},{"id":521,"url":"https:\/\/www.windenergie-politik-gesellschaft.de\/?p=521","url_meta":{"origin":850,"position":4},"title":"Widerstand gegen Windkraft &#8211; Die Energiewende als Soziallabor","author":"Joern Woehlk","date":"25. Mai 2016","format":false,"excerpt":"Ein guter Artikel, der den Nerv dieses Blogs trifft. Klimaschutz und die Energiewende sind unabdingbar miteinander verkn\u00fcpft - die Politiker indes nutzen die Thematik f\u00fcr den kommenden Wahlkampf. Das ist nicht in Ordnung. In den vergangenen 25 Jahren sind in Deutschland 25.000 Windr\u00e4der entstanden. Obwohl die Mehrheit der Deutschen die\u2026","rel":"","context":"In &quot;Presse&quot;","block_context":{"text":"Presse","link":"https:\/\/www.windenergie-politik-gesellschaft.de\/?cat=3"},"img":{"alt_text":"","src":"","width":0,"height":0},"classes":[]},{"id":1094,"url":"https:\/\/www.windenergie-politik-gesellschaft.de\/?p=1094","url_meta":{"origin":850,"position":5},"title":"Erbitterter Streit: Adler gegen Windkraft | NDR.de &#8211; Fernsehen &#8211; Sendungen A-Z &#8211; Panorama 3","author":"Joern Woehlk","date":"23. April 2019","format":false,"excerpt":"kein versp\u00e4teter Aprilscherz,sondern der mittlerweile \u00fcbliche Auswuchs an Streiterei. Quelle: Erbitterter Streit: Adler gegen Windkraft | NDR.de - Fernsehen - Sendungen A-Z - Panorama 3","rel":"","context":"In &quot;Gegenwind&quot;","block_context":{"text":"Gegenwind","link":"https:\/\/www.windenergie-politik-gesellschaft.de\/?cat=161"},"img":{"alt_text":"","src":"","width":0,"height":0},"classes":[]}],"_links":{"self":[{"href":"https:\/\/www.windenergie-politik-gesellschaft.de\/index.php?rest_route=\/wp\/v2\/posts\/850","targetHints":{"allow":["GET"]}}],"collection":[{"href":"https:\/\/www.windenergie-politik-gesellschaft.de\/index.php?rest_route=\/wp\/v2\/posts"}],"about":[{"href":"https:\/\/www.windenergie-politik-gesellschaft.de\/index.php?rest_route=\/wp\/v2\/types\/post"}],"author":[{"embeddable":true,"href":"https:\/\/www.windenergie-politik-gesellschaft.de\/index.php?rest_route=\/wp\/v2\/users\/2"}],"replies":[{"embeddable":true,"href":"https:\/\/www.windenergie-politik-gesellschaft.de\/index.php?rest_route=%2Fwp%2Fv2%2Fcomments&post=850"}],"version-history":[{"count":1,"href":"https:\/\/www.windenergie-politik-gesellschaft.de\/index.php?rest_route=\/wp\/v2\/posts\/850\/revisions"}],"predecessor-version":[{"id":851,"href":"https:\/\/www.windenergie-politik-gesellschaft.de\/index.php?rest_route=\/wp\/v2\/posts\/850\/revisions\/851"}],"wp:attachment":[{"href":"https:\/\/www.windenergie-politik-gesellschaft.de\/index.php?rest_route=%2Fwp%2Fv2%2Fmedia&parent=850"}],"wp:term":[{"taxonomy":"category","embeddable":true,"href":"https:\/\/www.windenergie-politik-gesellschaft.de\/index.php?rest_route=%2Fwp%2Fv2%2Fcategories&post=850"},{"taxonomy":"post_tag","embeddable":true,"href":"https:\/\/www.windenergie-politik-gesellschaft.de\/index.php?rest_route=%2Fwp%2Fv2%2Ftags&post=850"}],"curies":[{"name":"wp","href":"https:\/\/api.w.org\/{rel}","templated":true}]}}