{"id":859,"date":"2017-09-20T08:18:51","date_gmt":"2017-09-20T06:18:51","guid":{"rendered":"http:\/\/www.windenergie-politik-gesellschaft.de\/?p=859"},"modified":"2017-09-20T08:18:51","modified_gmt":"2017-09-20T06:18:51","slug":"marktstammdatenverordnung-mastrv-nichtamtliches-inhaltsverzeichnis","status":"publish","type":"post","link":"https:\/\/www.windenergie-politik-gesellschaft.de\/?p=859","title":{"rendered":"Marktstammdatenverordnung MaStRV &#8211; nichtamtliches Inhaltsverzeichnis"},"content":{"rendered":"<p>Quelle: <em><a href=\"http:\/\/www.gesetze-im-internet.de\/mastrv\/index.html\">MaStRV &#8211; nichtamtliches Inhaltsverzeichnis<\/a><\/em><\/p>\n","protected":false},"excerpt":{"rendered":"<p>Quelle: MaStRV &#8211; nichtamtliches Inhaltsverzeichnis<\/p>\n","protected":false},"author":2,"featured_media":0,"comment_status":"open","ping_status":"open","sticky":false,"template":"","format":"standard","meta":{"jetpack_post_was_ever_published":false,"_jetpack_newsletter_access":"","_jetpack_dont_email_post_to_subs":false,"_jetpack_newsletter_tier_id":0,"_jetpack_memberships_contains_paywalled_content":false,"_jetpack_memberships_contains_paid_content":false,"footnotes":"","jetpack_publicize_message":"","jetpack_publicize_feature_enabled":true,"jetpack_social_post_already_shared":true,"jetpack_social_options":{"image_generator_settings":{"template":"highway","default_image_id":0,"font":"","enabled":false},"version":2}},"categories":[22,1],"tags":[152,151],"class_list":["post-859","post","type-post","status-publish","format-standard","hentry","category-marktdaten","category-windenergie-allgemein","tag-marktstammdaten","tag-marktstammdatenverordnung"],"jetpack_publicize_connections":[],"jetpack_featured_media_url":"","jetpack_sharing_enabled":true,"jetpack_shortlink":"https:\/\/wp.me\/p6ODB3-dR","jetpack-related-posts":[{"id":1364,"url":"https:\/\/www.windenergie-politik-gesellschaft.de\/?p=1364","url_meta":{"origin":859,"position":0},"title":"WindBG &#8211; nichtamtliches Inhaltsverzeichnis","author":"Joern Woehlk","date":"14. Oktober 2023","format":false,"excerpt":"Quelle: WindBG - nichtamtliches Inhaltsverzeichnis","rel":"","context":"In &quot;Aktuelle Rechtsprechung&quot;","block_context":{"text":"Aktuelle Rechtsprechung","link":"https:\/\/www.windenergie-politik-gesellschaft.de\/?cat=12"},"img":{"alt_text":"","src":"","width":0,"height":0},"classes":[]},{"id":163,"url":"https:\/\/www.windenergie-politik-gesellschaft.de\/?p=163","url_meta":{"origin":859,"position":1},"title":"BauGB &#8211; Baugesetzbuch","author":"Joern Woehlk","date":"13. Oktober 2015","format":false,"excerpt":"Baugesetzbuch Quelle: BauGB - nichtamtliches Inhaltsverzeichnis","rel":"","context":"In &quot;Windenergie allgemein&quot;","block_context":{"text":"Windenergie allgemein","link":"https:\/\/www.windenergie-politik-gesellschaft.de\/?cat=1"},"img":{"alt_text":"","src":"","width":0,"height":0},"classes":[]},{"id":161,"url":"https:\/\/www.windenergie-politik-gesellschaft.de\/?p=161","url_meta":{"origin":859,"position":2},"title":"UVPG &#8211; Gesetz \u00fcber die Umweltvertr\u00e4glichkeitspr\u00fcfung","author":"Joern Woehlk","date":"13. Oktober 2015","format":false,"excerpt":"Quelle: UVPG - nichtamtliches Inhaltsverzeichnis","rel":"","context":"In &quot;Windenergie allgemein&quot;","block_context":{"text":"Windenergie allgemein","link":"https:\/\/www.windenergie-politik-gesellschaft.de\/?cat=1"},"img":{"alt_text":"","src":"","width":0,"height":0},"classes":[]},{"id":157,"url":"https:\/\/www.windenergie-politik-gesellschaft.de\/?p=157","url_meta":{"origin":859,"position":3},"title":"SDLWindV &#8211; Verordnung zu Systemdienstleistungen durch Windenergieanlagen","author":"Joern Woehlk","date":"13. Oktober 2015","format":false,"excerpt":"Quelle: SDLWindV - nichtamtliches Inhaltsverzeichnis","rel":"","context":"In &quot;Windenergie allgemein&quot;","block_context":{"text":"Windenergie allgemein","link":"https:\/\/www.windenergie-politik-gesellschaft.de\/?cat=1"},"img":{"alt_text":"","src":"","width":0,"height":0},"classes":[]}],"_links":{"self":[{"href":"https:\/\/www.windenergie-politik-gesellschaft.de\/index.php?rest_route=\/wp\/v2\/posts\/859","targetHints":{"allow":["GET"]}}],"collection":[{"href":"https:\/\/www.windenergie-politik-gesellschaft.de\/index.php?rest_route=\/wp\/v2\/posts"}],"about":[{"href":"https:\/\/www.windenergie-politik-gesellschaft.de\/index.php?rest_route=\/wp\/v2\/types\/post"}],"author":[{"embeddable":true,"href":"https:\/\/www.windenergie-politik-gesellschaft.de\/index.php?rest_route=\/wp\/v2\/users\/2"}],"replies":[{"embeddable":true,"href":"https:\/\/www.windenergie-politik-gesellschaft.de\/index.php?rest_route=%2Fwp%2Fv2%2Fcomments&post=859"}],"version-history":[{"count":1,"href":"https:\/\/www.windenergie-politik-gesellschaft.de\/index.php?rest_route=\/wp\/v2\/posts\/859\/revisions"}],"predecessor-version":[{"id":860,"href":"https:\/\/www.windenergie-politik-gesellschaft.de\/index.php?rest_route=\/wp\/v2\/posts\/859\/revisions\/860"}],"wp:attachment":[{"href":"https:\/\/www.windenergie-politik-gesellschaft.de\/index.php?rest_route=%2Fwp%2Fv2%2Fmedia&parent=859"}],"wp:term":[{"taxonomy":"category","embeddable":true,"href":"https:\/\/www.windenergie-politik-gesellschaft.de\/index.php?rest_route=%2Fwp%2Fv2%2Fcategories&post=859"},{"taxonomy":"post_tag","embeddable":true,"href":"https:\/\/www.windenergie-politik-gesellschaft.de\/index.php?rest_route=%2Fwp%2Fv2%2Ftags&post=859"}],"curies":[{"name":"wp","href":"https:\/\/api.w.org\/{rel}","templated":true}]}}