{"id":867,"date":"2017-09-22T11:22:39","date_gmt":"2017-09-22T09:22:39","guid":{"rendered":"http:\/\/www.windenergie-politik-gesellschaft.de\/?p=867"},"modified":"2017-09-22T11:22:39","modified_gmt":"2017-09-22T09:22:39","slug":"novelle-des-umweltrechtsbehelfsgesetz","status":"publish","type":"post","link":"https:\/\/www.windenergie-politik-gesellschaft.de\/?p=867","title":{"rendered":"Novelle des Umweltrechtsbehelfsgesetz"},"content":{"rendered":"<p>&#8220;Nach dem neuen UmwRG k\u00f6nnen Naturschutzverb\u00e4nde UVP-pflichtige Windenergievorhaben umfassend auf Verst\u00f6\u00dfe gegen materielles Recht \u00fcberpr\u00fcfen lassen, also nicht mehr wie bisher \u201enur\u201c Verst\u00f6\u00dfe gegen Umweltschutzvorschriften, sondern theoretisch auch Verst\u00f6\u00dfe gegen Raumordnungsrecht oder gegen die Bauordnung. Die Voraussetzung, dass der satzungsgem\u00e4\u00dfe Aufgabenbereich der Vereinigung durch den geltend gemachten Versto\u00df betroffen sein muss, bleibt aber weiterhin bestehen. Nach Ansicht des Gesetzgebers soll damit im Ergebnis die \u00c4nderung nicht zur R\u00fcgef\u00e4higkeit jeglichen Rechtsversto\u00dfes f\u00fchren.&#8221;<\/p>\n<blockquote><p>Seit einigen Wochen ist das neue Umweltrechtsbehelfsgesetz (UmwRG) in Kraft und bringt zahlreiche Neuerung mit sich, die gerade f\u00fcr Windenergieprojekte von erheblicher Bedeutung sind, werden doch die m<\/p><\/blockquote>\n<p>Quelle: <em><a href=\"http:\/\/www.maslaton.de\/news\/Novelle-des-Umweltrechtsbehelfsgesetz--n563\">Novelle des Umweltrechtsbehelfsgesetz | windmesse.de<\/a><\/em><\/p>\n","protected":false},"excerpt":{"rendered":"<p>&#8220;Nach dem neuen UmwRG k\u00f6nnen Naturschutzverb\u00e4nde UVP-pflichtige Windenergievorhaben umfassend auf Verst\u00f6\u00dfe gegen materielles Recht \u00fcberpr\u00fcfen lassen, also nicht mehr wie bisher \u201enur\u201c Verst\u00f6\u00dfe gegen Umweltschutzvorschriften, sondern theoretisch auch Verst\u00f6\u00dfe gegen Raumordnungsrecht oder gegen die Bauordnung. Die Voraussetzung, dass der satzungsgem\u00e4\u00dfe Aufgabenbereich der Vereinigung durch den geltend gemachten Versto\u00df betroffen sein muss, bleibt aber weiterhin bestehen. &#8230; <a title=\"Novelle des Umweltrechtsbehelfsgesetz\" class=\"read-more\" href=\"https:\/\/www.windenergie-politik-gesellschaft.de\/?p=867\" aria-label=\"Mehr Informationen \u00fcber Novelle des Umweltrechtsbehelfsgesetz\">Weiterlesen<\/a><\/p>\n","protected":false},"author":2,"featured_media":0,"comment_status":"open","ping_status":"open","sticky":false,"template":"","format":"standard","meta":{"jetpack_post_was_ever_published":false,"_jetpack_newsletter_access":"","_jetpack_dont_email_post_to_subs":false,"_jetpack_newsletter_tier_id":0,"_jetpack_memberships_contains_paywalled_content":false,"_jetpack_memberships_contains_paid_content":false,"footnotes":"","jetpack_publicize_message":"","jetpack_publicize_feature_enabled":true,"jetpack_social_post_already_shared":true,"jetpack_social_options":{"image_generator_settings":{"template":"highway","default_image_id":0,"font":"","enabled":false},"version":2}},"categories":[12,1],"tags":[153],"class_list":["post-867","post","type-post","status-publish","format-standard","hentry","category-aktuelle-rechtsprechung","category-windenergie-allgemein","tag-umweltrechtsbehelfsgesetz"],"jetpack_publicize_connections":[],"jetpack_featured_media_url":"","jetpack_sharing_enabled":true,"jetpack_shortlink":"https:\/\/wp.me\/p6ODB3-dZ","jetpack-related-posts":[{"id":521,"url":"https:\/\/www.windenergie-politik-gesellschaft.de\/?p=521","url_meta":{"origin":867,"position":0},"title":"Widerstand gegen Windkraft &#8211; Die Energiewende als Soziallabor","author":"Joern Woehlk","date":"25. Mai 2016","format":false,"excerpt":"Ein guter Artikel, der den Nerv dieses Blogs trifft. Klimaschutz und die Energiewende sind unabdingbar miteinander verkn\u00fcpft - die Politiker indes nutzen die Thematik f\u00fcr den kommenden Wahlkampf. Das ist nicht in Ordnung. In den vergangenen 25 Jahren sind in Deutschland 25.000 Windr\u00e4der entstanden. Obwohl die Mehrheit der Deutschen die\u2026","rel":"","context":"In &quot;Presse&quot;","block_context":{"text":"Presse","link":"https:\/\/www.windenergie-politik-gesellschaft.de\/?cat=3"},"img":{"alt_text":"","src":"","width":0,"height":0},"classes":[]},{"id":1300,"url":"https:\/\/www.windenergie-politik-gesellschaft.de\/?p=1300","url_meta":{"origin":867,"position":1},"title":"Windkraft: Wo liegen die T\u00fccken beim Ausbau? &#8211; SWR Aktuell","author":"Joern Woehlk","date":"16. Dezember 2021","format":false,"excerpt":"\"Es gibt einen kleinen, aber sehr lauten Teil der Bev\u00f6lkerung, der sich gegen Windkraft-Projekte zur Wehr setzt. Aber es gibt eine gro\u00dfe Mehrheit, die eigentlich nicht wahrgenommen wird, die solche Projekte unterst\u00fctzt. \" Es gibt einen kleinen, aber sehr lauten Teil der Bev\u00f6lkerung, der sich gegen Windkraft-Projekte zur Wehr setzt.\u2026","rel":"","context":"In &quot;Mediation&quot;","block_context":{"text":"Mediation","link":"https:\/\/www.windenergie-politik-gesellschaft.de\/?cat=19"},"img":{"alt_text":"","src":"","width":0,"height":0},"classes":[]},{"id":189,"url":"https:\/\/www.windenergie-politik-gesellschaft.de\/?p=189","url_meta":{"origin":867,"position":2},"title":"Energiespeicher &#8211; Deutsche Anbieter wappnen sich gegen US-Konkurrenz","author":"Joern Woehlk","date":"14. Oktober 2015","format":false,"excerpt":"Die Mehrheit der Photovoltaikanlagen in Deutschland geh\u00f6rt Eigenheimbesitzern und Landwirten. Insofern verwundert es nicht, dass diese beiden Gruppen im Fokus der Hersteller von Batteriespeichersystemen stehen. Seit das US-Unternehmen Tesla seinen Einstieg in die Produktion angek\u00fcndigt hat, herrscht unter den deutschen Anbietern eine Mischung aus Ver\u00e4rgerung und Optimismus. Quelle: Energiespeicher -\u2026","rel":"","context":"In &quot;Strom-Speicher&quot;","block_context":{"text":"Strom-Speicher","link":"https:\/\/www.windenergie-politik-gesellschaft.de\/?cat=10"},"img":{"alt_text":"","src":"","width":0,"height":0},"classes":[]},{"id":997,"url":"https:\/\/www.windenergie-politik-gesellschaft.de\/?p=997","url_meta":{"origin":867,"position":3},"title":"BUNDESRAT: INITIATIVE GEGEN WINDENERGIE","author":"Joern Woehlk","date":"22. Oktober 2018","format":false,"excerpt":"Sehenswerter Beitrag, der die aktuelle Situation 2018 in der Windeneregiebranche in Deustchland wiedergibt.","rel":"","context":"In &quot;TV Beitr\u00e4ge&quot;","block_context":{"text":"TV Beitr\u00e4ge","link":"https:\/\/www.windenergie-politik-gesellschaft.de\/?cat=130"},"img":{"alt_text":"","src":"","width":0,"height":0},"classes":[]},{"id":799,"url":"https:\/\/www.windenergie-politik-gesellschaft.de\/?p=799","url_meta":{"origin":867,"position":4},"title":"Eine Lanze brechen f\u00fcr die Akzeptanz der Windenergie in der Bev\u00f6lkerung","author":"Joern Woehlk","date":"27. Juni 2017","format":false,"excerpt":"Je n\u00e4her wir in Deutschland dem \"S\u00e4ttigungsgrad\" kommen - 2% der Landesfl\u00e4che soll f\u00fcr Windenergie nutzbar gemacht werden - desto mehr Gegner finden sich und umso mehr h\u00f6rt man auch den Standardspruch, der landauf landab immer wieder zu h\u00f6ren ist: \"Wir sind nicht gegen Windenergie, aber nicht vor unserer Haust\u00fcr!\"\u2026","rel":"","context":"In &quot;Windenergie allgemein&quot;","block_context":{"text":"Windenergie allgemein","link":"https:\/\/www.windenergie-politik-gesellschaft.de\/?cat=1"},"img":{"alt_text":"","src":"","width":0,"height":0},"classes":[]},{"id":665,"url":"https:\/\/www.windenergie-politik-gesellschaft.de\/?p=665","url_meta":{"origin":867,"position":5},"title":"Naturstrom AG: David gegen Goliath &#8211; 3sat.online &#8211; Mediathek","author":"Joern Woehlk","date":"16. Oktober 2016","format":false,"excerpt":"Vor 20 Jahren erfanden ein paar Energie-Nerds die Naturstrom AG. Heute verkauft das Unternehmen \u00d6kostrom an 240.000 Kunden. Geblieben ist der gef\u00e4hrliche Tanz mit Stromriesen und Politik.Quelle: 3sat.online - Mediathek: Naturstrom: David gegen Goliath","rel":"","context":"In &quot;TV Beitr\u00e4ge&quot;","block_context":{"text":"TV Beitr\u00e4ge","link":"https:\/\/www.windenergie-politik-gesellschaft.de\/?cat=130"},"img":{"alt_text":"","src":"","width":0,"height":0},"classes":[]}],"_links":{"self":[{"href":"https:\/\/www.windenergie-politik-gesellschaft.de\/index.php?rest_route=\/wp\/v2\/posts\/867","targetHints":{"allow":["GET"]}}],"collection":[{"href":"https:\/\/www.windenergie-politik-gesellschaft.de\/index.php?rest_route=\/wp\/v2\/posts"}],"about":[{"href":"https:\/\/www.windenergie-politik-gesellschaft.de\/index.php?rest_route=\/wp\/v2\/types\/post"}],"author":[{"embeddable":true,"href":"https:\/\/www.windenergie-politik-gesellschaft.de\/index.php?rest_route=\/wp\/v2\/users\/2"}],"replies":[{"embeddable":true,"href":"https:\/\/www.windenergie-politik-gesellschaft.de\/index.php?rest_route=%2Fwp%2Fv2%2Fcomments&post=867"}],"version-history":[{"count":1,"href":"https:\/\/www.windenergie-politik-gesellschaft.de\/index.php?rest_route=\/wp\/v2\/posts\/867\/revisions"}],"predecessor-version":[{"id":868,"href":"https:\/\/www.windenergie-politik-gesellschaft.de\/index.php?rest_route=\/wp\/v2\/posts\/867\/revisions\/868"}],"wp:attachment":[{"href":"https:\/\/www.windenergie-politik-gesellschaft.de\/index.php?rest_route=%2Fwp%2Fv2%2Fmedia&parent=867"}],"wp:term":[{"taxonomy":"category","embeddable":true,"href":"https:\/\/www.windenergie-politik-gesellschaft.de\/index.php?rest_route=%2Fwp%2Fv2%2Fcategories&post=867"},{"taxonomy":"post_tag","embeddable":true,"href":"https:\/\/www.windenergie-politik-gesellschaft.de\/index.php?rest_route=%2Fwp%2Fv2%2Ftags&post=867"}],"curies":[{"name":"wp","href":"https:\/\/api.w.org\/{rel}","templated":true}]}}