{"id":870,"date":"2017-10-04T09:37:39","date_gmt":"2017-10-04T07:37:39","guid":{"rendered":"http:\/\/www.windenergie-politik-gesellschaft.de\/?p=870"},"modified":"2017-10-04T09:37:39","modified_gmt":"2017-10-04T07:37:39","slug":"50hertz-halbiert-redispatch-kosten","status":"publish","type":"post","link":"https:\/\/www.windenergie-politik-gesellschaft.de\/?p=870","title":{"rendered":"50Hertz halbiert Redispatch Kosten"},"content":{"rendered":"<p>Es ist schon interessant, wie stark der Einflu\u00df der Redispatch ma\u00dfnahmen sein kann. Der Gesetzgeber hat hier v\u00f6llig geschlafen und reicht die Rechnung nun an die Verbraucher weiter &#8211; v\u00f6llig unn\u00f6tig!!<\/p>\n<blockquote><p>Berlin \u2013 Der \u00dcbertragungsnetzbetreiber 50Hertz konnte in seinem Netzgebiet die Redispatch-Kosten 2016 beinahe halbieren. Grund daf\u00fcr ist die Inbetriebnahme einer neuen Stromtrasse.<\/p><\/blockquote>\n<p>Quelle: <em><a href=\"http:\/\/www.iwr.de\/news.php?id=33318\">50Hertz halbiert Redispatch-Kosten<\/a><\/em><\/p>\n","protected":false},"excerpt":{"rendered":"<p>Es ist schon interessant, wie stark der Einflu\u00df der Redispatch ma\u00dfnahmen sein kann. Der Gesetzgeber hat hier v\u00f6llig geschlafen und reicht die Rechnung nun an die Verbraucher weiter &#8211; v\u00f6llig unn\u00f6tig!! Berlin \u2013 Der \u00dcbertragungsnetzbetreiber 50Hertz konnte in seinem Netzgebiet die Redispatch-Kosten 2016 beinahe halbieren. Grund daf\u00fcr ist die Inbetriebnahme einer neuen Stromtrasse. Quelle: 50Hertz &#8230; <a title=\"50Hertz halbiert Redispatch Kosten\" class=\"read-more\" href=\"https:\/\/www.windenergie-politik-gesellschaft.de\/?p=870\" aria-label=\"Mehr Informationen \u00fcber 50Hertz halbiert Redispatch Kosten\">Weiterlesen<\/a><\/p>\n","protected":false},"author":2,"featured_media":0,"comment_status":"open","ping_status":"open","sticky":false,"template":"","format":"standard","meta":{"jetpack_post_was_ever_published":false,"_jetpack_newsletter_access":"","_jetpack_dont_email_post_to_subs":false,"_jetpack_newsletter_tier_id":0,"_jetpack_memberships_contains_paywalled_content":false,"_jetpack_memberships_contains_paid_content":false,"footnotes":"","jetpack_publicize_message":"","jetpack_publicize_feature_enabled":true,"jetpack_social_post_already_shared":true,"jetpack_social_options":{"image_generator_settings":{"template":"highway","default_image_id":0,"font":"","enabled":false},"version":2}},"categories":[11,1],"tags":[123],"class_list":["post-870","post","type-post","status-publish","format-standard","hentry","category-strom-netze","category-windenergie-allgemein","tag-redispatch"],"jetpack_publicize_connections":[],"jetpack_featured_media_url":"","jetpack_sharing_enabled":true,"jetpack_shortlink":"https:\/\/wp.me\/p6ODB3-e2","jetpack-related-posts":[{"id":628,"url":"https:\/\/www.windenergie-politik-gesellschaft.de\/?p=628","url_meta":{"origin":870,"position":0},"title":"Redispatch in DeutschlandEinsMan f\u00fcr Windenergie bis Juli 2016","author":"Joern Woehlk","date":"12. September 2016","format":false,"excerpt":"Eine detaillierte Auswertung des BDEW \u00fcber die tats\u00e4chlichen Kostenbestandteile aller Redispatch Ma\u00dfnahmen und im Detail auch f\u00fcr Windenergie (Seite 15 und 16) Quelle: Fakten und Argumente - Redispatch in Deutschland.pdf","rel":"","context":"In &quot;Marktdaten&quot;","block_context":{"text":"Marktdaten","link":"https:\/\/www.windenergie-politik-gesellschaft.de\/?cat=22"},"img":{"alt_text":"","src":"","width":0,"height":0},"classes":[]},{"id":614,"url":"https:\/\/www.windenergie-politik-gesellschaft.de\/?p=614","url_meta":{"origin":870,"position":1},"title":"Quartalsbericht zu Netz- und Systemsicherheitsma\u00dfnahmen, aktualisierte Fassung vom 01.08.2016","author":"Joern Woehlk","date":"3. August 2016","format":false,"excerpt":"Aktuelle Zahlenanalyse zu Redispatch und EinsMan Ma\u00dfnahmen. Quartalsbericht zu Netz- und Systemsicherheitsma\u00dfnahmenErstes und zweites Quartal 2015Quelle: Quartalsbericht zu Netz- und Systemsicherheitsma\u00dfnahmen - Quartalsbericht2015.pdf","rel":"","context":"In &quot;Marktdaten&quot;","block_context":{"text":"Marktdaten","link":"https:\/\/www.windenergie-politik-gesellschaft.de\/?cat=22"},"img":{"alt_text":"","src":"","width":0,"height":0},"classes":[]},{"id":844,"url":"https:\/\/www.windenergie-politik-gesellschaft.de\/?p=844","url_meta":{"origin":870,"position":2},"title":"Billige Braunkohle &#8211; 3sat.Mediathek","author":"Joern Woehlk","date":"19. September 2017","format":false,"excerpt":"Eine paradoxe Situation: Wenn viel Windenergie ins Netz eingespeist wird, werden nur wenige fossile Kraftwerke gebraucht. Das Rennen macht dann die schmutzige Braunkohle.Quelle: Billige Braunkohle - 3sat.Mediathek","rel":"","context":"In &quot;TV Beitr\u00e4ge&quot;","block_context":{"text":"TV Beitr\u00e4ge","link":"https:\/\/www.windenergie-politik-gesellschaft.de\/?cat=130"},"img":{"alt_text":"","src":"","width":0,"height":0},"classes":[]},{"id":630,"url":"https:\/\/www.windenergie-politik-gesellschaft.de\/?p=630","url_meta":{"origin":870,"position":3},"title":"Modularer Batteriespeicher M5BAT in Aachen in Betrieb genommen |","author":"Joern Woehlk","date":"13. September 2016","format":false,"excerpt":"\"Nach gut einem Jahr Bauzeit wurde heute in Aachen der modulare Batteriegro\u00dfspeicher M5BAT in Betrieb genommen. Prof. Dirk Uwe Sauer, Gesamtverantwortlicher f\u00fcr das Projekt und den Betrieb von M5BAT vom Institute for Power Generation and Storage Systems (PGS) der RWTH Aachen zu der Bedeutung des Projekts f\u00fcr die Energieforschung: \"In\u2026","rel":"","context":"In &quot;Strom-Speicher&quot;","block_context":{"text":"Strom-Speicher","link":"https:\/\/www.windenergie-politik-gesellschaft.de\/?cat=10"},"img":{"alt_text":"","src":"","width":0,"height":0},"classes":[]},{"id":621,"url":"https:\/\/www.windenergie-politik-gesellschaft.de\/?p=621","url_meta":{"origin":870,"position":4},"title":"Propaganda f\u00fcr die Braunkohle &#8211; Zwei Systeme f\u00fcr eine Aufgabe: Versorgungssicherheit im Stromsektor","author":"Joern Woehlk","date":"4. September 2016","format":false,"excerpt":"Sonntag ist mal wieder Zeit, um der Propaganda der Kohlelobby zu lauschen. Und schnell wurde ich f\u00fcndig, diesmal mit einem Artikel der m\u00e4chtig ideologisch \"Pro-Braunkohle\" eingef\u00e4rbt ist, was nicht verwunderlich ist, da er von einem f\u00fchrenden Vertreter der Braunkohleindustrie geschrieben wurde. Geschickt suggeriert Herr Milojcic zun\u00e4chst, einen gut reflektierten und\u2026","rel":"","context":"In &quot;Strom - Netze&quot;","block_context":{"text":"Strom - Netze","link":"https:\/\/www.windenergie-politik-gesellschaft.de\/?cat=11"},"img":{"alt_text":"","src":"","width":0,"height":0},"classes":[]},{"id":378,"url":"https:\/\/www.windenergie-politik-gesellschaft.de\/?p=378","url_meta":{"origin":870,"position":5},"title":"Zweifel an Gef\u00e4hrdung des Rotmilans &#8211; Neue Energie","author":"Joern Woehlk","date":"5. Mai 2016","format":false,"excerpt":"Die neue Studie aus der Schweiz gibt Entwarnung f\u00fcr den als \u201ewindkraftsensibel\u201c eingestuften Raubvogel Rotmilan: Der Bestand sei nicht durch die Windkraft bedroht. Natursch\u00fctzer widersprechen vehement. Der Leser m\u00f6ge sich selbst eine Meinung machen, wie die Fakten liegen. Seeadler, Kranich und Rotmilan leben schon lange in unmittelbarer N\u00e4he von Windparks\u2026","rel":"","context":"In &quot;Mediation&quot;","block_context":{"text":"Mediation","link":"https:\/\/www.windenergie-politik-gesellschaft.de\/?cat=19"},"img":{"alt_text":"","src":"","width":0,"height":0},"classes":[]}],"_links":{"self":[{"href":"https:\/\/www.windenergie-politik-gesellschaft.de\/index.php?rest_route=\/wp\/v2\/posts\/870","targetHints":{"allow":["GET"]}}],"collection":[{"href":"https:\/\/www.windenergie-politik-gesellschaft.de\/index.php?rest_route=\/wp\/v2\/posts"}],"about":[{"href":"https:\/\/www.windenergie-politik-gesellschaft.de\/index.php?rest_route=\/wp\/v2\/types\/post"}],"author":[{"embeddable":true,"href":"https:\/\/www.windenergie-politik-gesellschaft.de\/index.php?rest_route=\/wp\/v2\/users\/2"}],"replies":[{"embeddable":true,"href":"https:\/\/www.windenergie-politik-gesellschaft.de\/index.php?rest_route=%2Fwp%2Fv2%2Fcomments&post=870"}],"version-history":[{"count":1,"href":"https:\/\/www.windenergie-politik-gesellschaft.de\/index.php?rest_route=\/wp\/v2\/posts\/870\/revisions"}],"predecessor-version":[{"id":871,"href":"https:\/\/www.windenergie-politik-gesellschaft.de\/index.php?rest_route=\/wp\/v2\/posts\/870\/revisions\/871"}],"wp:attachment":[{"href":"https:\/\/www.windenergie-politik-gesellschaft.de\/index.php?rest_route=%2Fwp%2Fv2%2Fmedia&parent=870"}],"wp:term":[{"taxonomy":"category","embeddable":true,"href":"https:\/\/www.windenergie-politik-gesellschaft.de\/index.php?rest_route=%2Fwp%2Fv2%2Fcategories&post=870"},{"taxonomy":"post_tag","embeddable":true,"href":"https:\/\/www.windenergie-politik-gesellschaft.de\/index.php?rest_route=%2Fwp%2Fv2%2Ftags&post=870"}],"curies":[{"name":"wp","href":"https:\/\/api.w.org\/{rel}","templated":true}]}}