{"id":890,"date":"2018-01-08T10:31:48","date_gmt":"2018-01-08T09:31:48","guid":{"rendered":"http:\/\/www.windenergie-politik-gesellschaft.de\/?p=890"},"modified":"2018-01-08T10:31:48","modified_gmt":"2018-01-08T09:31:48","slug":"gemischte-energiewende-bilanz-2017-rekorde-bei-erneuerbaren-energien-aber-erneut-keinerlei-fortschritte-beim-klimaschutz","status":"publish","type":"post","link":"https:\/\/www.windenergie-politik-gesellschaft.de\/?p=890","title":{"rendered":"Gemischte Energiewende-Bilanz 2017: Rekorde bei Erneuerbaren Energien, aber erneut keinerlei Fortschritte beim Klimaschutz"},"content":{"rendered":"<p>Quelle: <em><a href=\"https:\/\/www.agora-energiewende.de\/de\/presse\/agoranews\/news-detail\/news\/gemischte-energiewende-bilanz-2017-rekorde-bei-erneuerbaren-energien-aber-erneut-keinerlei-fortschritte-beim-klimaschutz\/News\/detail\/\">Gemischte Energiewende-Bilanz 2017: Rekorde bei Erneuerbaren Energien, aber erneut keinerlei Fortschritte beim Klimaschutz &#8211; Agora Energiewende<\/a><\/em><\/p>\n","protected":false},"excerpt":{"rendered":"<p>Quelle: Gemischte Energiewende-Bilanz 2017: Rekorde bei Erneuerbaren Energien, aber erneut keinerlei Fortschritte beim Klimaschutz &#8211; Agora Energiewende<\/p>\n","protected":false},"author":2,"featured_media":0,"comment_status":"open","ping_status":"open","sticky":false,"template":"","format":"standard","meta":{"jetpack_post_was_ever_published":false,"_jetpack_newsletter_access":"","_jetpack_dont_email_post_to_subs":false,"_jetpack_newsletter_tier_id":0,"_jetpack_memberships_contains_paywalled_content":false,"_jetpack_memberships_contains_paid_content":false,"footnotes":"","jetpack_publicize_message":"","jetpack_publicize_feature_enabled":true,"jetpack_social_post_already_shared":true,"jetpack_social_options":{"image_generator_settings":{"template":"highway","default_image_id":0,"font":"","enabled":false},"version":2}},"categories":[3],"tags":[103,84],"class_list":["post-890","post","type-post","status-publish","format-standard","hentry","category-presse","tag-marktanalyse","tag-marktdaten"],"jetpack_publicize_connections":[],"jetpack_featured_media_url":"","jetpack_sharing_enabled":true,"jetpack_shortlink":"https:\/\/wp.me\/p6ODB3-em","jetpack-related-posts":[{"id":521,"url":"https:\/\/www.windenergie-politik-gesellschaft.de\/?p=521","url_meta":{"origin":890,"position":0},"title":"Widerstand gegen Windkraft &#8211; Die Energiewende als Soziallabor","author":"Joern Woehlk","date":"25. Mai 2016","format":false,"excerpt":"Ein guter Artikel, der den Nerv dieses Blogs trifft. Klimaschutz und die Energiewende sind unabdingbar miteinander verkn\u00fcpft - die Politiker indes nutzen die Thematik f\u00fcr den kommenden Wahlkampf. Das ist nicht in Ordnung. In den vergangenen 25 Jahren sind in Deutschland 25.000 Windr\u00e4der entstanden. Obwohl die Mehrheit der Deutschen die\u2026","rel":"","context":"In &quot;Presse&quot;","block_context":{"text":"Presse","link":"https:\/\/www.windenergie-politik-gesellschaft.de\/?cat=3"},"img":{"alt_text":"","src":"","width":0,"height":0},"classes":[]},{"id":977,"url":"https:\/\/www.windenergie-politik-gesellschaft.de\/?p=977","url_meta":{"origin":890,"position":1},"title":"Bilanz des weltweiten Ausbaus der erneuerbaren Energien in der Stromerzeugung","author":"Joern Woehlk","date":"4. August 2018","format":false,"excerpt":"Quelle: Bilanz des weltweiten Ausbaus der erneuerbaren Energien in der Stromerzeugung","rel":"","context":"In &quot;Marktdaten&quot;","block_context":{"text":"Marktdaten","link":"https:\/\/www.windenergie-politik-gesellschaft.de\/?cat=22"},"img":{"alt_text":"","src":"","width":0,"height":0},"classes":[]},{"id":749,"url":"https:\/\/www.windenergie-politik-gesellschaft.de\/?p=749","url_meta":{"origin":890,"position":2},"title":"Erneuerbare Energien in Brandenburg: Speichertechnik f\u00fcr Energiewende","author":"Joern Woehlk","date":"9. Februar 2017","format":false,"excerpt":"Brandenburg will 50 Millionen Euro in Entwicklung entsprechender Technologien investierenQuelle: Erneuerbare Energien in Brandenburg: Speichertechnik f\u00fcr Energiewende | svz.de","rel":"","context":"In &quot;Presse&quot;","block_context":{"text":"Presse","link":"https:\/\/www.windenergie-politik-gesellschaft.de\/?cat=3"},"img":{"alt_text":"","src":"","width":0,"height":0},"classes":[]},{"id":1404,"url":"https:\/\/www.windenergie-politik-gesellschaft.de\/?p=1404","url_meta":{"origin":890,"position":3},"title":"Schleswig-Holstein: Bundesweit erster Pr\u00fcfrahmen f\u00fcr Antikollisionssysteme an Windkraftanlagen vorgestellt","author":"Joern Woehlk","date":"12. September 2024","format":false,"excerpt":"Das schleswig-holsteinische Ministerium f\u00fcr Energiewende, Klimaschutz, Umwelt und Natur hat am 8. August 2024 einen Einf\u00fchrungserlass f\u00fcr den \"Fachkonventionsvorschlag \u201ePr\u00fcfrahmen f\u00fcr Antikollisionssysteme\u201c (Pr\u00fcfrahmen AKS) - Vollzugshilfe f\u00fcr die Bewertung als fachlich anerkannte Schutzma\u00dfnahme\" ver\u00f6ffentlicht. Der Pr\u00fcfrahmen AKS wurde in einem Forschungsprojekt von einem interdisziplin\u00e4ren Arbeitskreis unter der Leitung des Landesamtes\u2026","rel":"","context":"In &quot;Natur- und Artenschutz&quot;","block_context":{"text":"Natur- und Artenschutz","link":"https:\/\/www.windenergie-politik-gesellschaft.de\/?cat=65"},"img":{"alt_text":"","src":"","width":0,"height":0},"classes":[]},{"id":808,"url":"https:\/\/www.windenergie-politik-gesellschaft.de\/?p=808","url_meta":{"origin":890,"position":4},"title":"Agora Energiewende legt eine Agenda Energiewende 2030 vor","author":"Joern Woehlk","date":"7. Juli 2017","format":false,"excerpt":"Quelle: Agora Energiewende legt eine Agenda Energiewende 2030 vor - Agora Energiewende","rel":"","context":"In &quot;Marktdaten&quot;","block_context":{"text":"Marktdaten","link":"https:\/\/www.windenergie-politik-gesellschaft.de\/?cat=22"},"img":{"alt_text":"","src":"","width":0,"height":0},"classes":[]},{"id":1123,"url":"https:\/\/www.windenergie-politik-gesellschaft.de\/?p=1123","url_meta":{"origin":890,"position":5},"title":"Energiewende: Windenergie &#8211; Streitfall Rotmilan &#8211; Spektrum der Wissenschaft","author":"Joern Woehlk","date":"23. Oktober 2019","format":false,"excerpt":"Der Disput zwischen Umweltschutz und Klimaschutz tritt immer deutlicher zu Tage. L\u00f6sungen dauern noch Jahre. Quelle: Energiewende: Windenergie - Streitfall Rotmilan - Spektrum der Wissenschaft","rel":"","context":"In &quot;Mediation&quot;","block_context":{"text":"Mediation","link":"https:\/\/www.windenergie-politik-gesellschaft.de\/?cat=19"},"img":{"alt_text":"","src":"","width":0,"height":0},"classes":[]}],"_links":{"self":[{"href":"https:\/\/www.windenergie-politik-gesellschaft.de\/index.php?rest_route=\/wp\/v2\/posts\/890","targetHints":{"allow":["GET"]}}],"collection":[{"href":"https:\/\/www.windenergie-politik-gesellschaft.de\/index.php?rest_route=\/wp\/v2\/posts"}],"about":[{"href":"https:\/\/www.windenergie-politik-gesellschaft.de\/index.php?rest_route=\/wp\/v2\/types\/post"}],"author":[{"embeddable":true,"href":"https:\/\/www.windenergie-politik-gesellschaft.de\/index.php?rest_route=\/wp\/v2\/users\/2"}],"replies":[{"embeddable":true,"href":"https:\/\/www.windenergie-politik-gesellschaft.de\/index.php?rest_route=%2Fwp%2Fv2%2Fcomments&post=890"}],"version-history":[{"count":1,"href":"https:\/\/www.windenergie-politik-gesellschaft.de\/index.php?rest_route=\/wp\/v2\/posts\/890\/revisions"}],"predecessor-version":[{"id":891,"href":"https:\/\/www.windenergie-politik-gesellschaft.de\/index.php?rest_route=\/wp\/v2\/posts\/890\/revisions\/891"}],"wp:attachment":[{"href":"https:\/\/www.windenergie-politik-gesellschaft.de\/index.php?rest_route=%2Fwp%2Fv2%2Fmedia&parent=890"}],"wp:term":[{"taxonomy":"category","embeddable":true,"href":"https:\/\/www.windenergie-politik-gesellschaft.de\/index.php?rest_route=%2Fwp%2Fv2%2Fcategories&post=890"},{"taxonomy":"post_tag","embeddable":true,"href":"https:\/\/www.windenergie-politik-gesellschaft.de\/index.php?rest_route=%2Fwp%2Fv2%2Ftags&post=890"}],"curies":[{"name":"wp","href":"https:\/\/api.w.org\/{rel}","templated":true}]}}