{"id":92,"date":"2015-09-24T11:19:27","date_gmt":"2015-09-24T09:19:27","guid":{"rendered":"http:\/\/www.windenergie-politik-gesellschaft.de\/?p=92"},"modified":"2015-09-24T11:19:27","modified_gmt":"2015-09-24T09:19:27","slug":"vgh-kassel-1000-meter-mindestabstand-in-hessen-ist-ok","status":"publish","type":"post","link":"https:\/\/www.windenergie-politik-gesellschaft.de\/?p=92","title":{"rendered":"VGH Kassel: 1000 Meter Mindestabstand in Hessen ist ok"},"content":{"rendered":"<p><a href=\"http:\/\/www.fnp.de\/rhein-main\/VGH-nbsp-1000-Meter-Abstand-von-Windraedern-zu-Siedlungen-rechtens;art1491,1604211\" target=\"_blank\">Artikel<\/a><\/p>\n","protected":false},"excerpt":{"rendered":"<p>Artikel<\/p>\n","protected":false},"author":2,"featured_media":0,"comment_status":"open","ping_status":"open","sticky":false,"template":"","format":"standard","meta":{"jetpack_post_was_ever_published":false,"_jetpack_newsletter_access":"","_jetpack_dont_email_post_to_subs":false,"_jetpack_newsletter_tier_id":0,"_jetpack_memberships_contains_paywalled_content":false,"_jetpack_memberships_contains_paid_content":false,"footnotes":"","jetpack_publicize_message":"","jetpack_publicize_feature_enabled":true,"jetpack_social_post_already_shared":false,"jetpack_social_options":{"image_generator_settings":{"template":"highway","default_image_id":0,"font":"","enabled":false},"version":2}},"categories":[12],"tags":[],"class_list":["post-92","post","type-post","status-publish","format-standard","hentry","category-aktuelle-rechtsprechung"],"jetpack_publicize_connections":[],"jetpack_featured_media_url":"","jetpack_sharing_enabled":true,"jetpack_shortlink":"https:\/\/wp.me\/p6ODB3-1u","jetpack-related-posts":[{"id":215,"url":"https:\/\/www.windenergie-politik-gesellschaft.de\/?p=215","url_meta":{"origin":92,"position":0},"title":"10H-Regelung vor dem Aus? Bestandsschutz in Bayern bleibt","author":"Joern Woehlk","date":"16. Oktober 2015","format":false,"excerpt":"R\u00fcckzieher in Bayern? Nach Angeben der Klagegemeinschaft \u201ePro Windkraft\u201c hat die bayerische Landesregierung Teile der umstrittenen 10H-Regelung aus dem Gesetz gestrichen. Die \u00dcbergangsregelung, die laufenden Projekten Bestandsschutz garantiert, l\u00e4uft nicht mehr automatisch Ende 2015 aus. \u201ePro Windkraft\u201c wertet dies als Signal, dass auch die weiteren Regelungen vor Gericht scheitern.. ERNEUERBARE\u2026","rel":"","context":"In &quot;Aktuelle Rechtsprechung&quot;","block_context":{"text":"Aktuelle Rechtsprechung","link":"https:\/\/www.windenergie-politik-gesellschaft.de\/?cat=12"},"img":{"alt_text":"","src":"","width":0,"height":0},"classes":[]},{"id":1204,"url":"https:\/\/www.windenergie-politik-gesellschaft.de\/?p=1204","url_meta":{"origin":92,"position":1},"title":"Umsetzungsstand des \u201eAktionsprogramms zur St\u00e4rkung der Windenergie an Land\u201c","author":"Joern Woehlk","date":"27. August 2020","format":false,"excerpt":"Hier wird suggeriert, man habe schon vieles erreicht.Die Abstandsregeln hat man auf die L\u00e4nderebene gedr\u00fcckt, sollen die sich doch darum k\u00fcmmern. Gel\u00f6st? Bedarfsgerechte Nachtkennzeichnung? Ja, ganz toll, nachdem jahrelang erkl\u00e4rt wurde, das die Transponderl\u00f6sung nicht funktioniere und viele Unternehmen Millionen in die Entwicklung von Systemen gesteckt haben, die nun \u00fcber\u2026","rel":"","context":"In &quot;Aktuelle Rechtsprechung&quot;","block_context":{"text":"Aktuelle Rechtsprechung","link":"https:\/\/www.windenergie-politik-gesellschaft.de\/?cat=12"},"img":{"alt_text":"","src":"","width":0,"height":0},"classes":[]},{"id":1332,"url":"https:\/\/www.windenergie-politik-gesellschaft.de\/?p=1332","url_meta":{"origin":92,"position":2},"title":"Windenergie: Verpflichtende B\u00fcrgerbeteiligung bei Windparks ist verfassungsgem\u00e4\u00df","author":"Joern Woehlk","date":"18. August 2022","format":false,"excerpt":"Da hat sich der BWE etwas anderes gew\u00fcnscht. Quelle: Windenergie: Verpflichtende B\u00fcrgerbeteiligung bei Windparks ist verfassungsgem\u00e4\u00df | ZEIT ONLINE","rel":"","context":"In &quot;Aktuelle Rechtsprechung&quot;","block_context":{"text":"Aktuelle Rechtsprechung","link":"https:\/\/www.windenergie-politik-gesellschaft.de\/?cat=12"},"img":{"alt_text":"","src":"","width":0,"height":0},"classes":[]},{"id":814,"url":"https:\/\/www.windenergie-politik-gesellschaft.de\/?p=814","url_meta":{"origin":92,"position":3},"title":"SMARD","author":"Joern Woehlk","date":"10. Juli 2017","format":false,"excerpt":"SMARD, die neue Strommarkt-Plattform, ist online SMARD, die Informationsplattform der Bundesnetzagentur zum Strommarkt, ist online. Sie bietet aktuelle und f\u00fcr jeden verst\u00e4ndliche Strommarktdaten. Der Staatssekret\u00e4r im Bundesministerium f\u00fcr Wirtschaft und Energie, Rainer Baake, dazu: \"\"Die Daten sind anwenderfreundlich aufbereitet, so dass auch Laien damit zurechtkommen. F\u00fcr Experten gibt es umfangreiche\u2026","rel":"","context":"In &quot;Marktdaten&quot;","block_context":{"text":"Marktdaten","link":"https:\/\/www.windenergie-politik-gesellschaft.de\/?cat=22"},"img":{"alt_text":"","src":"","width":0,"height":0},"classes":[]},{"id":820,"url":"https:\/\/www.windenergie-politik-gesellschaft.de\/?p=820","url_meta":{"origin":92,"position":4},"title":"Bundesnetzagentur &#8211; Marktstammdatenregister","author":"Joern Woehlk","date":"21. Juli 2017","format":false,"excerpt":"Am 20. April 2017 wurde die Verordnung \u00fcber das zentrale elektronische Verzeichnis energiewirtschaftlicher Daten (Marktstammdatenregisterverordnung - MaStRV) im Bundesgesetzblatt verk\u00fcndet. Sie ist am 1. Juli 2017 in Kraft getreten. Quelle: Bundesnetzagentur - Marktstammdatenregister","rel":"","context":"In &quot;Aktuelle Rechtsprechung&quot;","block_context":{"text":"Aktuelle Rechtsprechung","link":"https:\/\/www.windenergie-politik-gesellschaft.de\/?cat=12"},"img":{"alt_text":"","src":"","width":0,"height":0},"classes":[]},{"id":1169,"url":"https:\/\/www.windenergie-politik-gesellschaft.de\/?p=1169","url_meta":{"origin":92,"position":5},"title":"Fachagentur Windenergie: Windenergie und Recht Newsletter","author":"Joern Woehlk","date":"25. M\u00e4rz 2020","format":false,"excerpt":"Aktuelle rechtliche Entscheidungen zum Thema Windenergie in geb\u00fcndelter Form. Quelle: Fachagentur Windenergie: Windenergie und Recht","rel":"","context":"In &quot;Aktuelle Rechtsprechung&quot;","block_context":{"text":"Aktuelle Rechtsprechung","link":"https:\/\/www.windenergie-politik-gesellschaft.de\/?cat=12"},"img":{"alt_text":"","src":"","width":0,"height":0},"classes":[]}],"_links":{"self":[{"href":"https:\/\/www.windenergie-politik-gesellschaft.de\/index.php?rest_route=\/wp\/v2\/posts\/92","targetHints":{"allow":["GET"]}}],"collection":[{"href":"https:\/\/www.windenergie-politik-gesellschaft.de\/index.php?rest_route=\/wp\/v2\/posts"}],"about":[{"href":"https:\/\/www.windenergie-politik-gesellschaft.de\/index.php?rest_route=\/wp\/v2\/types\/post"}],"author":[{"embeddable":true,"href":"https:\/\/www.windenergie-politik-gesellschaft.de\/index.php?rest_route=\/wp\/v2\/users\/2"}],"replies":[{"embeddable":true,"href":"https:\/\/www.windenergie-politik-gesellschaft.de\/index.php?rest_route=%2Fwp%2Fv2%2Fcomments&post=92"}],"version-history":[{"count":1,"href":"https:\/\/www.windenergie-politik-gesellschaft.de\/index.php?rest_route=\/wp\/v2\/posts\/92\/revisions"}],"predecessor-version":[{"id":93,"href":"https:\/\/www.windenergie-politik-gesellschaft.de\/index.php?rest_route=\/wp\/v2\/posts\/92\/revisions\/93"}],"wp:attachment":[{"href":"https:\/\/www.windenergie-politik-gesellschaft.de\/index.php?rest_route=%2Fwp%2Fv2%2Fmedia&parent=92"}],"wp:term":[{"taxonomy":"category","embeddable":true,"href":"https:\/\/www.windenergie-politik-gesellschaft.de\/index.php?rest_route=%2Fwp%2Fv2%2Fcategories&post=92"},{"taxonomy":"post_tag","embeddable":true,"href":"https:\/\/www.windenergie-politik-gesellschaft.de\/index.php?rest_route=%2Fwp%2Fv2%2Ftags&post=92"}],"curies":[{"name":"wp","href":"https:\/\/api.w.org\/{rel}","templated":true}]}}