{"id":949,"date":"2018-05-19T07:28:36","date_gmt":"2018-05-19T05:28:36","guid":{"rendered":"http:\/\/www.windenergie-politik-gesellschaft.de\/?p=949"},"modified":"2018-05-19T07:28:36","modified_gmt":"2018-05-19T05:28:36","slug":"eeg-konten-uebersicht","status":"publish","type":"post","link":"https:\/\/www.windenergie-politik-gesellschaft.de\/?p=949","title":{"rendered":"EEG-Konten-\u00dcbersicht"},"content":{"rendered":"<p>Die monatliche \u00dcbersicht zeigt f\u00fcr April 2018 einen \u00dcberschu\u00df von 5,63 Mrd Euro, nach 5,3 Mrd Euro in 2017. <\/p>\n<p>Quelle: <em><a href=\"https:\/\/www.netztransparenz.de\/EEG\/EEG-Konten-Uebersicht\">Netztransparenz > EEG > EEG-Konten-\u00dcbersicht<\/a><\/em><\/p>\n","protected":false},"excerpt":{"rendered":"<p>Die monatliche \u00dcbersicht zeigt f\u00fcr April 2018 einen \u00dcberschu\u00df von 5,63 Mrd Euro, nach 5,3 Mrd Euro in 2017. Quelle: Netztransparenz > EEG > EEG-Konten-\u00dcbersicht<\/p>\n","protected":false},"author":2,"featured_media":0,"comment_status":"open","ping_status":"open","sticky":false,"template":"","format":"standard","meta":{"jetpack_post_was_ever_published":false,"_jetpack_newsletter_access":"","_jetpack_dont_email_post_to_subs":false,"_jetpack_newsletter_tier_id":0,"_jetpack_memberships_contains_paywalled_content":false,"_jetpack_memberships_contains_paid_content":false,"footnotes":"","jetpack_publicize_message":"","jetpack_publicize_feature_enabled":true,"jetpack_social_post_already_shared":true,"jetpack_social_options":{"image_generator_settings":{"template":"highway","default_image_id":0,"font":"","enabled":false},"version":2}},"categories":[22,3,1],"tags":[62],"class_list":["post-949","post","type-post","status-publish","format-standard","hentry","category-marktdaten","category-presse","category-windenergie-allgemein","tag-eeg-konto"],"jetpack_publicize_connections":[],"jetpack_featured_media_url":"","jetpack_sharing_enabled":true,"jetpack_shortlink":"https:\/\/wp.me\/p6ODB3-fj","jetpack-related-posts":[{"id":972,"url":"https:\/\/www.windenergie-politik-gesellschaft.de\/?p=972","url_meta":{"origin":949,"position":0},"title":"R\u00fccklagen auf EEG-Konto im Mai erstmals r\u00fcckl\u00e4ufig","author":"Joern Woehlk","date":"18. Juni 2018","format":false,"excerpt":"Auf dem EEG-Umlagekonto f\u00fcr den \u00d6kostrom ist der Milliarden-\u00dcberschuss im Mai gesunken. Das Finanzpolster der Stromkunden liegt aber weiter bei deutlich \u00fcber 5 Milliarden Euro. Quelle: R\u00fccklagen auf EEG-Konto im Mai erstmals r\u00fcckl\u00e4ufig","rel":"","context":"In &quot;Marktdaten&quot;","block_context":{"text":"Marktdaten","link":"https:\/\/www.windenergie-politik-gesellschaft.de\/?cat=22"},"img":{"alt_text":"","src":"","width":0,"height":0},"classes":[]},{"id":836,"url":"https:\/\/www.windenergie-politik-gesellschaft.de\/?p=836","url_meta":{"origin":949,"position":1},"title":"Empfehlungsverfahren der Clearingstelle EEG zu Anwendungsfragen des \u00a7 61k EEG 2017 f\u00fcr EEG-Anlagen &#8211; Teil 1","author":"Joern Woehlk","date":"15. September 2017","format":false,"excerpt":"\"...es m\u00fcssen noch eine Menge Detailfragen gekl\u00e4rt werden, bevor Speicher ihre volle Wirkung entfalten k\u00f6nnen\" Quelle: Eroeffnungsbeschluss_2017_29.pdf","rel":"","context":"In &quot;Strom-Speicher&quot;","block_context":{"text":"Strom-Speicher","link":"https:\/\/www.windenergie-politik-gesellschaft.de\/?cat=10"},"img":{"alt_text":"","src":"","width":0,"height":0},"classes":[]},{"id":1018,"url":"https:\/\/www.windenergie-politik-gesellschaft.de\/?p=1018","url_meta":{"origin":949,"position":2},"title":"Umlageprivileg f\u00fcr Stromspeicher &#8211; Tool zur Berechnung der reduzierten EEG-Umlage nach \u00a7 61k EEG 2017","author":"Joern Woehlk","date":"4. Februar 2019","format":false,"excerpt":"Zur Ermittlung und als Nachweis der Verringerung der EEG-Umlage f\u00fcr Strom, welcher in einem Stromspeicher nach den Vorgaben des \u00a7 61k Abs. 1 EEG 2017 verbraucht wird, stellen die \u00dcbertragungsnetzbetreiber nachfolgend ein Berechnungstool zum Download zur Verf\u00fcgung. Quelle: Netztransparenz > EEG > Umlageprivileg f\u00fcr Stromspeicher","rel":"","context":"In &quot;Marktdaten&quot;","block_context":{"text":"Marktdaten","link":"https:\/\/www.windenergie-politik-gesellschaft.de\/?cat=22"},"img":{"alt_text":"","src":"","width":0,"height":0},"classes":[]},{"id":896,"url":"https:\/\/www.windenergie-politik-gesellschaft.de\/?p=896","url_meta":{"origin":949,"position":3},"title":"EEG-Umlage 2018","author":"Joern Woehlk","date":"23. Januar 2018","format":false,"excerpt":"Prognose der EEG-Umlage 2018 nach EEV Quelle: 2016-09-12 - Prognose EEG-Umlage 2017 - BNetzA-Termin V0.2_Amp - 20171016_Ver\u00f6ffentlichung_EEG-Umlage_2018.pdf","rel":"","context":"In &quot;Marktdaten&quot;","block_context":{"text":"Marktdaten","link":"https:\/\/www.windenergie-politik-gesellschaft.de\/?cat=22"},"img":{"alt_text":"","src":"","width":0,"height":0},"classes":[]},{"id":992,"url":"https:\/\/www.windenergie-politik-gesellschaft.de\/?p=992","url_meta":{"origin":949,"position":4},"title":"EU verbietet EEG-Umlage auf Photovoltaik-Eigenverbrauch","author":"Joern Woehlk","date":"16. Oktober 2018","format":false,"excerpt":"Quelle: EU verbietet EEG-Umlage auf Photovoltaik-Eigenverbrauch","rel":"","context":"In &quot;Aktuelle Rechtsprechung&quot;","block_context":{"text":"Aktuelle Rechtsprechung","link":"https:\/\/www.windenergie-politik-gesellschaft.de\/?cat=12"},"img":{"alt_text":"","src":"","width":0,"height":0},"classes":[]},{"id":191,"url":"https:\/\/www.windenergie-politik-gesellschaft.de\/?p=191","url_meta":{"origin":949,"position":5},"title":"EEG-Umlage: Die Energiewende wird wieder teurer","author":"Joern Woehlk","date":"14. Oktober 2015","format":false,"excerpt":"Billiger B\u00f6rsenstrom f\u00fchrt nicht zu sinkenden Strompreisen. Im Gegenteil: Die Umlage zur \u00d6kostromf\u00f6rderung steigt gerade deshalb in Richtung eines neuen Rekordniveaus. Quelle: EEG-Umlage: Die Energiewende wird wieder teurer","rel":"","context":"In &quot;Marktdaten&quot;","block_context":{"text":"Marktdaten","link":"https:\/\/www.windenergie-politik-gesellschaft.de\/?cat=22"},"img":{"alt_text":"","src":"","width":0,"height":0},"classes":[]}],"_links":{"self":[{"href":"https:\/\/www.windenergie-politik-gesellschaft.de\/index.php?rest_route=\/wp\/v2\/posts\/949","targetHints":{"allow":["GET"]}}],"collection":[{"href":"https:\/\/www.windenergie-politik-gesellschaft.de\/index.php?rest_route=\/wp\/v2\/posts"}],"about":[{"href":"https:\/\/www.windenergie-politik-gesellschaft.de\/index.php?rest_route=\/wp\/v2\/types\/post"}],"author":[{"embeddable":true,"href":"https:\/\/www.windenergie-politik-gesellschaft.de\/index.php?rest_route=\/wp\/v2\/users\/2"}],"replies":[{"embeddable":true,"href":"https:\/\/www.windenergie-politik-gesellschaft.de\/index.php?rest_route=%2Fwp%2Fv2%2Fcomments&post=949"}],"version-history":[{"count":1,"href":"https:\/\/www.windenergie-politik-gesellschaft.de\/index.php?rest_route=\/wp\/v2\/posts\/949\/revisions"}],"predecessor-version":[{"id":952,"href":"https:\/\/www.windenergie-politik-gesellschaft.de\/index.php?rest_route=\/wp\/v2\/posts\/949\/revisions\/952"}],"wp:attachment":[{"href":"https:\/\/www.windenergie-politik-gesellschaft.de\/index.php?rest_route=%2Fwp%2Fv2%2Fmedia&parent=949"}],"wp:term":[{"taxonomy":"category","embeddable":true,"href":"https:\/\/www.windenergie-politik-gesellschaft.de\/index.php?rest_route=%2Fwp%2Fv2%2Fcategories&post=949"},{"taxonomy":"post_tag","embeddable":true,"href":"https:\/\/www.windenergie-politik-gesellschaft.de\/index.php?rest_route=%2Fwp%2Fv2%2Ftags&post=949"}],"curies":[{"name":"wp","href":"https:\/\/api.w.org\/{rel}","templated":true}]}}