{"id":95,"date":"2015-09-24T11:46:28","date_gmt":"2015-09-24T09:46:28","guid":{"rendered":"http:\/\/www.windenergie-politik-gesellschaft.de\/?p=95"},"modified":"2015-09-24T12:14:32","modified_gmt":"2015-09-24T10:14:32","slug":"fehlerquellen-von-windkonzentrationszonenplanungen-analyse-aktueller-gerichtsentscheidungen","status":"publish","type":"post","link":"https:\/\/www.windenergie-politik-gesellschaft.de\/?p=95","title":{"rendered":"Fehlerquellen von  Windkonzentrationszonenplanungen &#8211; Analyse aktueller Gerichtsentscheidungen"},"content":{"rendered":"<p>eine aktuelle und interessante <a href=\"http:\/\/www.stiftung-umweltenergierecht.de\/fileadmin\/pdf_aushaenge\/wiss._Veroeff\/WueBerichte_14_Fehlerquellen_Windkonzentrationsplanungen.pdf\">Analyse<\/a><\/p>\n<p>&nbsp;<\/p>\n<blockquote>\n<div>Ein Patentrezept zur Bew\u00e4ltigung der sich stellenden Aufgaben gibt es nicht. F\u00fcr die Regionalplanung hat die Analyse jedoch gezeigt, dass diese nur dann rechtssicher agieren kann, <strong>wenn sie weder den partikularen Interessen von Gemeinden und b\u00fcrgerschaftlichen Gruppen noch den Steuerungsversuchen der Landesebene unbesehen nachgibt<\/strong>, sondern die Aufgabe einer gem. \u00a7 1 ROG \u00fcbergeordneten regionalen Planung selbstbewusst und\u2013im Rahmen der rechtlichen Bindungen\u2013unabh\u00e4ngig ausf\u00fchrt. Dies setzt nicht zuletzt auch eine Ausstattung der Planungstr\u00e4ger mit gr\u00f6\u00dferen personellen und finanziellen Ressourcen sowie eine verbesserte Schulung im Umgang mit den origin\u00e4r rechtlichen Fragestellungen voraus, die den ver\u00e4nderten Aufgaben hinreichend Rechnung tr\u00e4gt.<\/div>\n<\/blockquote>\n","protected":false},"excerpt":{"rendered":"<p>eine aktuelle und interessante Analyse &nbsp; Ein Patentrezept zur Bew\u00e4ltigung der sich stellenden Aufgaben gibt es nicht. F\u00fcr die Regionalplanung hat die Analyse jedoch gezeigt, dass diese nur dann rechtssicher agieren kann, wenn sie weder den partikularen Interessen von Gemeinden und b\u00fcrgerschaftlichen Gruppen noch den Steuerungsversuchen der Landesebene unbesehen nachgibt, sondern die Aufgabe einer gem. &#8230; <a title=\"Fehlerquellen von  Windkonzentrationszonenplanungen &#8211; Analyse aktueller Gerichtsentscheidungen\" class=\"read-more\" href=\"https:\/\/www.windenergie-politik-gesellschaft.de\/?p=95\" aria-label=\"Mehr Informationen \u00fcber Fehlerquellen von  Windkonzentrationszonenplanungen &#8211; Analyse aktueller Gerichtsentscheidungen\">Weiterlesen<\/a><\/p>\n","protected":false},"author":2,"featured_media":0,"comment_status":"open","ping_status":"open","sticky":false,"template":"","format":"standard","meta":{"jetpack_post_was_ever_published":false,"_jetpack_newsletter_access":"","_jetpack_dont_email_post_to_subs":false,"_jetpack_newsletter_tier_id":0,"_jetpack_memberships_contains_paywalled_content":false,"_jetpack_memberships_contains_paid_content":false,"footnotes":"","jetpack_publicize_message":"","jetpack_publicize_feature_enabled":true,"jetpack_social_post_already_shared":false,"jetpack_social_options":{"image_generator_settings":{"template":"highway","default_image_id":0,"font":"","enabled":false},"version":2}},"categories":[1],"tags":[],"class_list":["post-95","post","type-post","status-publish","format-standard","hentry","category-windenergie-allgemein"],"jetpack_publicize_connections":[],"jetpack_featured_media_url":"","jetpack_sharing_enabled":true,"jetpack_shortlink":"https:\/\/wp.me\/p6ODB3-1x","jetpack-related-posts":[{"id":621,"url":"https:\/\/www.windenergie-politik-gesellschaft.de\/?p=621","url_meta":{"origin":95,"position":0},"title":"Propaganda f\u00fcr die Braunkohle &#8211; Zwei Systeme f\u00fcr eine Aufgabe: Versorgungssicherheit im Stromsektor","author":"Joern Woehlk","date":"4. September 2016","format":false,"excerpt":"Sonntag ist mal wieder Zeit, um der Propaganda der Kohlelobby zu lauschen. Und schnell wurde ich f\u00fcndig, diesmal mit einem Artikel der m\u00e4chtig ideologisch \"Pro-Braunkohle\" eingef\u00e4rbt ist, was nicht verwunderlich ist, da er von einem f\u00fchrenden Vertreter der Braunkohleindustrie geschrieben wurde. Geschickt suggeriert Herr Milojcic zun\u00e4chst, einen gut reflektierten und\u2026","rel":"","context":"In &quot;Strom - Netze&quot;","block_context":{"text":"Strom - Netze","link":"https:\/\/www.windenergie-politik-gesellschaft.de\/?cat=11"},"img":{"alt_text":"","src":"","width":0,"height":0},"classes":[]},{"id":799,"url":"https:\/\/www.windenergie-politik-gesellschaft.de\/?p=799","url_meta":{"origin":95,"position":1},"title":"Eine Lanze brechen f\u00fcr die Akzeptanz der Windenergie in der Bev\u00f6lkerung","author":"Joern Woehlk","date":"27. Juni 2017","format":false,"excerpt":"Je n\u00e4her wir in Deutschland dem \"S\u00e4ttigungsgrad\" kommen - 2% der Landesfl\u00e4che soll f\u00fcr Windenergie nutzbar gemacht werden - desto mehr Gegner finden sich und umso mehr h\u00f6rt man auch den Standardspruch, der landauf landab immer wieder zu h\u00f6ren ist: \"Wir sind nicht gegen Windenergie, aber nicht vor unserer Haust\u00fcr!\"\u2026","rel":"","context":"In &quot;Windenergie allgemein&quot;","block_context":{"text":"Windenergie allgemein","link":"https:\/\/www.windenergie-politik-gesellschaft.de\/?cat=1"},"img":{"alt_text":"","src":"","width":0,"height":0},"classes":[]},{"id":999,"url":"https:\/\/www.windenergie-politik-gesellschaft.de\/?p=999","url_meta":{"origin":95,"position":2},"title":"EWE will die gr\u00f6\u00dfte Batterie der Welt bauen","author":"Joern Woehlk","date":"1. November 2018","format":false,"excerpt":"\"Der Oldenburger Energieversorger EWE will die gr\u00f6\u00dfte Batterie der Welt bauen. Und zwar in einer unterirdischen Kaverne in Jemgum im Landkreis Leer. Die dortigen Hohlr\u00e4ume sind durch den Abbau von Salz entstanden und rund 100 Meter hoch. Doch nicht nur rein r\u00e4umlich ist die Dimension riesig, auch f\u00fcr die Energiewende\u2026","rel":"","context":"In &quot;Presse&quot;","block_context":{"text":"Presse","link":"https:\/\/www.windenergie-politik-gesellschaft.de\/?cat=3"},"img":{"alt_text":"","src":"","width":0,"height":0},"classes":[]},{"id":1135,"url":"https:\/\/www.windenergie-politik-gesellschaft.de\/?p=1135","url_meta":{"origin":95,"position":3},"title":"If wind farms impact property values it appears to be positively","author":"Joern Woehlk","date":"6. Dezember 2019","format":false,"excerpt":"Der Wert von Immobilien in der N\u00e4he von Windparks wird immer wieder in die Diskussionen einbezogen. Windkraftgegner stellen den Wertverlust in den Vordergrund und hoffen damit die Politiker unter Druck setzten zu k\u00f6nnen. Diese Analyse zeigt, das es nicht stimmt. Quelle: If wind farms impact property values it appears to\u2026","rel":"","context":"In &quot;Mediation&quot;","block_context":{"text":"Mediation","link":"https:\/\/www.windenergie-politik-gesellschaft.de\/?cat=19"},"img":{"alt_text":"","src":"","width":0,"height":0},"classes":[]},{"id":378,"url":"https:\/\/www.windenergie-politik-gesellschaft.de\/?p=378","url_meta":{"origin":95,"position":4},"title":"Zweifel an Gef\u00e4hrdung des Rotmilans &#8211; Neue Energie","author":"Joern Woehlk","date":"5. Mai 2016","format":false,"excerpt":"Die neue Studie aus der Schweiz gibt Entwarnung f\u00fcr den als \u201ewindkraftsensibel\u201c eingestuften Raubvogel Rotmilan: Der Bestand sei nicht durch die Windkraft bedroht. Natursch\u00fctzer widersprechen vehement. Der Leser m\u00f6ge sich selbst eine Meinung machen, wie die Fakten liegen. Seeadler, Kranich und Rotmilan leben schon lange in unmittelbarer N\u00e4he von Windparks\u2026","rel":"","context":"In &quot;Mediation&quot;","block_context":{"text":"Mediation","link":"https:\/\/www.windenergie-politik-gesellschaft.de\/?cat=19"},"img":{"alt_text":"","src":"","width":0,"height":0},"classes":[]},{"id":814,"url":"https:\/\/www.windenergie-politik-gesellschaft.de\/?p=814","url_meta":{"origin":95,"position":5},"title":"SMARD","author":"Joern Woehlk","date":"10. Juli 2017","format":false,"excerpt":"SMARD, die neue Strommarkt-Plattform, ist online SMARD, die Informationsplattform der Bundesnetzagentur zum Strommarkt, ist online. Sie bietet aktuelle und f\u00fcr jeden verst\u00e4ndliche Strommarktdaten. Der Staatssekret\u00e4r im Bundesministerium f\u00fcr Wirtschaft und Energie, Rainer Baake, dazu: \"\"Die Daten sind anwenderfreundlich aufbereitet, so dass auch Laien damit zurechtkommen. F\u00fcr Experten gibt es umfangreiche\u2026","rel":"","context":"In &quot;Marktdaten&quot;","block_context":{"text":"Marktdaten","link":"https:\/\/www.windenergie-politik-gesellschaft.de\/?cat=22"},"img":{"alt_text":"","src":"","width":0,"height":0},"classes":[]}],"_links":{"self":[{"href":"https:\/\/www.windenergie-politik-gesellschaft.de\/index.php?rest_route=\/wp\/v2\/posts\/95","targetHints":{"allow":["GET"]}}],"collection":[{"href":"https:\/\/www.windenergie-politik-gesellschaft.de\/index.php?rest_route=\/wp\/v2\/posts"}],"about":[{"href":"https:\/\/www.windenergie-politik-gesellschaft.de\/index.php?rest_route=\/wp\/v2\/types\/post"}],"author":[{"embeddable":true,"href":"https:\/\/www.windenergie-politik-gesellschaft.de\/index.php?rest_route=\/wp\/v2\/users\/2"}],"replies":[{"embeddable":true,"href":"https:\/\/www.windenergie-politik-gesellschaft.de\/index.php?rest_route=%2Fwp%2Fv2%2Fcomments&post=95"}],"version-history":[{"count":5,"href":"https:\/\/www.windenergie-politik-gesellschaft.de\/index.php?rest_route=\/wp\/v2\/posts\/95\/revisions"}],"predecessor-version":[{"id":102,"href":"https:\/\/www.windenergie-politik-gesellschaft.de\/index.php?rest_route=\/wp\/v2\/posts\/95\/revisions\/102"}],"wp:attachment":[{"href":"https:\/\/www.windenergie-politik-gesellschaft.de\/index.php?rest_route=%2Fwp%2Fv2%2Fmedia&parent=95"}],"wp:term":[{"taxonomy":"category","embeddable":true,"href":"https:\/\/www.windenergie-politik-gesellschaft.de\/index.php?rest_route=%2Fwp%2Fv2%2Fcategories&post=95"},{"taxonomy":"post_tag","embeddable":true,"href":"https:\/\/www.windenergie-politik-gesellschaft.de\/index.php?rest_route=%2Fwp%2Fv2%2Ftags&post=95"}],"curies":[{"name":"wp","href":"https:\/\/api.w.org\/{rel}","templated":true}]}}