{"id":981,"date":"2018-08-04T11:40:05","date_gmt":"2018-08-04T09:40:05","guid":{"rendered":"http:\/\/www.windenergie-politik-gesellschaft.de\/?p=981"},"modified":"2018-08-04T11:40:05","modified_gmt":"2018-08-04T09:40:05","slug":"fake-science-eike-die-billige-masche-der-klimaleugner","status":"publish","type":"post","link":"https:\/\/www.windenergie-politik-gesellschaft.de\/?p=981","title":{"rendered":"Fake Science &#8211; EIKE &#8211; Die billige Masche der Klimaleugner"},"content":{"rendered":"<p>Immer wieder schafft es EIKE in die Schlagzeilen zu kommen, weil nicht haltbare Studien herangezogen werden, die vor allem Windkraftgegner ungefiltert \u00fcbernehmen in ihrer Arumentation. Sie verweigern sich beharrlich zuzugeben, dass es keine Anzeichen f\u00fcr die Sch\u00e4dlichkeit von Infraschall gibt.  <\/p>\n<p>Quelle: <em><a href=\"https:\/\/www.erneuerbareenergien.de\/die-billige-masche-der-klimaleugner\/150\/437\/109019\/\">Die billige Masche der Klimaleugner &#8211; Energiewende &#8211; Erneuerbare Energien<\/a><\/em><\/p>\n","protected":false},"excerpt":{"rendered":"<p>Immer wieder schafft es EIKE in die Schlagzeilen zu kommen, weil nicht haltbare Studien herangezogen werden, die vor allem Windkraftgegner ungefiltert \u00fcbernehmen in ihrer Arumentation. Sie verweigern sich beharrlich zuzugeben, dass es keine Anzeichen f\u00fcr die Sch\u00e4dlichkeit von Infraschall gibt. Quelle: Die billige Masche der Klimaleugner &#8211; Energiewende &#8211; Erneuerbare Energien<\/p>\n","protected":false},"author":2,"featured_media":0,"comment_status":"open","ping_status":"open","sticky":false,"template":"","format":"standard","meta":{"jetpack_post_was_ever_published":false,"_jetpack_newsletter_access":"","_jetpack_dont_email_post_to_subs":false,"_jetpack_newsletter_tier_id":0,"_jetpack_memberships_contains_paywalled_content":false,"_jetpack_memberships_contains_paid_content":false,"footnotes":"","jetpack_publicize_message":"","jetpack_publicize_feature_enabled":true,"jetpack_social_post_already_shared":true,"jetpack_social_options":{"image_generator_settings":{"template":"highway","default_image_id":0,"font":"","enabled":false},"version":2}},"categories":[161,1],"tags":[25],"class_list":["post-981","post","type-post","status-publish","format-standard","hentry","category-gegenwind","category-windenergie-allgemein","tag-infraschall"],"jetpack_publicize_connections":[],"jetpack_featured_media_url":"","jetpack_sharing_enabled":true,"jetpack_shortlink":"https:\/\/wp.me\/p6ODB3-fP","jetpack-related-posts":[{"id":983,"url":"https:\/\/www.windenergie-politik-gesellschaft.de\/?p=983","url_meta":{"origin":981,"position":0},"title":"Fake Science \u2013 Die L\u00fcgenmacher &#8211; Reportage &#038; Dokumentation &#8211; Michael Limburg als Kopf der Klimaleugnerorgansisation EIKE","author":"Joern Woehlk","date":"4. August 2018","format":false,"excerpt":"Immer wieder erstaunlich, mit welch perfiden Methoden EIKE versucht, eine \u00f6ffentliche Meinung zu suggerieren. Wie Schade, das vor allem Windkarftgegner dem auf dem Leim gehen. Selbstst\u00e4ndiges Denken und Reflektion w\u00e4re hilfreich. Quelle: Video: Fake Science \u2013 Die L\u00fcgenmacher - Reportage & Dokumentation - ARD | Das Erste","rel":"","context":"In &quot;Gegenwind&quot;","block_context":{"text":"Gegenwind","link":"https:\/\/www.windenergie-politik-gesellschaft.de\/?cat=161"},"img":{"alt_text":"","src":"","width":0,"height":0},"classes":[]},{"id":1281,"url":"https:\/\/www.windenergie-politik-gesellschaft.de\/?p=1281","url_meta":{"origin":981,"position":1},"title":"Infraschall &#8211; Messung und Auswertung: Windenergie: Faktencheck: Vernunftkraft \u00fcber Infraschall","author":"Joern Woehlk","date":"13. Oktober 2021","format":false,"excerpt":"Fazit: Der Artikel von Vernunftkraft zu Infraschall und Windenergie ist hochgradiger Unsinn. Es werden viele falsche Behauptungen aufgestellt, Studien falsch zitiert, \u00c4pfel mit Birnen verglichen und der Schalldruckpegel von Windenergieanlagen konsequent verschwiegen. Allein dieser Artikel macht klar, wie Vernunftkraft einzuordnen ist. Dieser Artikel ist kein Einzelfall bei Vernunftkraft. Auch andere\u2026","rel":"","context":"In &quot;Gegenwind&quot;","block_context":{"text":"Gegenwind","link":"https:\/\/www.windenergie-politik-gesellschaft.de\/?cat=161"},"img":{"alt_text":"","src":"","width":0,"height":0},"classes":[]},{"id":1302,"url":"https:\/\/www.windenergie-politik-gesellschaft.de\/?p=1302","url_meta":{"origin":981,"position":2},"title":"Publikationen \/ LEA &#8211; LandesEnergieAgentur Fakten-Update Windenergie und Infraschall","author":"Joern Woehlk","date":"27. Dezember 2021","format":false,"excerpt":"Fakten-Update Windenergie und Infraschall B\u00dcRGERFORUM ENERGIEWENDE HESSEN Stand: Oktober 2021 Der von Windenergieanlagen erzeugte Infraschall unterschreitet in wissenschaftlichen Studien die menschliche H\u00f6r- und Wahrnehmungsschwelle im Nah- und Fernbereich. Gesundheitliche Auswirkungen von Infraschall durch Windenergieanlagen k\u00f6nnen in den dargestellten Studien wissenschaftlich nicht nachgewiesen werden. Ge\u00e4u\u00dferte Symptome und Beschwerden von Anwohnenden k\u00f6nnen\u2026","rel":"","context":"In &quot;Mediation&quot;","block_context":{"text":"Mediation","link":"https:\/\/www.windenergie-politik-gesellschaft.de\/?cat=19"},"img":{"alt_text":"","src":"","width":0,"height":0},"classes":[]},{"id":1151,"url":"https:\/\/www.windenergie-politik-gesellschaft.de\/?p=1151","url_meta":{"origin":981,"position":3},"title":"Erneuerbare Energie: Wie umweltfreundlich ist Windkraft? | Unkraut | BR","author":"Joern Woehlk","date":"18. M\u00e4rz 2020","format":false,"excerpt":"Kurzer Beitrag, der die diversen Positionen der Bef\u00fcrworter und Gegner erkl\u00e4rt.","rel":"","context":"In &quot;Mediation&quot;","block_context":{"text":"Mediation","link":"https:\/\/www.windenergie-politik-gesellschaft.de\/?cat=19"},"img":{"alt_text":"","src":"","width":0,"height":0},"classes":[]},{"id":1321,"url":"https:\/\/www.windenergie-politik-gesellschaft.de\/?p=1321","url_meta":{"origin":981,"position":4},"title":"Infraschall von Windenergieanlagen Urteil OLG Hamm","author":"Joern Woehlk","date":"11. Mai 2022","format":false,"excerpt":"Endlich eine klare Antwort. Damit sollte sich der Dauerbrenner erledigt haben. Quelle: Infraschall von Windenergieanlagen Urteil OLG Hamm - Solarserver","rel":"","context":"In &quot;Aktuelle Rechtsprechung&quot;","block_context":{"text":"Aktuelle Rechtsprechung","link":"https:\/\/www.windenergie-politik-gesellschaft.de\/?cat=12"},"img":{"alt_text":"","src":"","width":0,"height":0},"classes":[]},{"id":846,"url":"https:\/\/www.windenergie-politik-gesellschaft.de\/?p=846","url_meta":{"origin":981,"position":5},"title":"Ein Stresstrigger &#8211; warum Windenergie nicht laut ist&#8230;","author":"Joern Woehlk","date":"19. September 2017","format":false,"excerpt":"Ein Stresstrigger - Windr\u00e4der bel\u00e4stigen nicht durch ihre Lautst\u00e4rke: Es ist nicht die Lautst\u00e4rke, sondern die Art des Ger\u00e4usches, die Windrad-Gegner auf die Palme bringt, meint die Umweltpsychologin Prof. Gundula H\u00fcbner aus Halle.Quelle: Ein Stresstrigger - 3sat.Mediathek","rel":"","context":"In &quot;TV Beitr\u00e4ge&quot;","block_context":{"text":"TV Beitr\u00e4ge","link":"https:\/\/www.windenergie-politik-gesellschaft.de\/?cat=130"},"img":{"alt_text":"","src":"","width":0,"height":0},"classes":[]}],"_links":{"self":[{"href":"https:\/\/www.windenergie-politik-gesellschaft.de\/index.php?rest_route=\/wp\/v2\/posts\/981","targetHints":{"allow":["GET"]}}],"collection":[{"href":"https:\/\/www.windenergie-politik-gesellschaft.de\/index.php?rest_route=\/wp\/v2\/posts"}],"about":[{"href":"https:\/\/www.windenergie-politik-gesellschaft.de\/index.php?rest_route=\/wp\/v2\/types\/post"}],"author":[{"embeddable":true,"href":"https:\/\/www.windenergie-politik-gesellschaft.de\/index.php?rest_route=\/wp\/v2\/users\/2"}],"replies":[{"embeddable":true,"href":"https:\/\/www.windenergie-politik-gesellschaft.de\/index.php?rest_route=%2Fwp%2Fv2%2Fcomments&post=981"}],"version-history":[{"count":1,"href":"https:\/\/www.windenergie-politik-gesellschaft.de\/index.php?rest_route=\/wp\/v2\/posts\/981\/revisions"}],"predecessor-version":[{"id":982,"href":"https:\/\/www.windenergie-politik-gesellschaft.de\/index.php?rest_route=\/wp\/v2\/posts\/981\/revisions\/982"}],"wp:attachment":[{"href":"https:\/\/www.windenergie-politik-gesellschaft.de\/index.php?rest_route=%2Fwp%2Fv2%2Fmedia&parent=981"}],"wp:term":[{"taxonomy":"category","embeddable":true,"href":"https:\/\/www.windenergie-politik-gesellschaft.de\/index.php?rest_route=%2Fwp%2Fv2%2Fcategories&post=981"},{"taxonomy":"post_tag","embeddable":true,"href":"https:\/\/www.windenergie-politik-gesellschaft.de\/index.php?rest_route=%2Fwp%2Fv2%2Ftags&post=981"}],"curies":[{"name":"wp","href":"https:\/\/api.w.org\/{rel}","templated":true}]}}